{"id":3416,"date":"2019-04-10T18:34:06","date_gmt":"2019-04-11T00:34:06","guid":{"rendered":"http:\/\/gobernacionaltaverapaz.gob.gt\/?p=3416"},"modified":"2019-04-26T10:17:17","modified_gmt":"2019-04-26T16:17:17","slug":"colocacin-de-primera-piedra-de-la-ampliacin-de-escuela-primaria-para-nias-repblica-de-colombia","status":"publish","type":"post","link":"https:\/\/gobernacionaltaverapaz.gob.gt\/?p=3416","title":{"rendered":"COLOCACI\u00d3N DE PRIMERA PIEDRA DE LA AMPLIACI\u00d3N DE ESCUELA PRIMARIA PARA NI\u00d1AS REP\u00daBLICA DE COLOMBIA"},"content":{"rendered":"<p style=\"text-align: justify;\">En el municipio de San Pedro Carch\u00e1 se realiz\u00f3 la colocaci\u00f3n de &#8220;Primera Piedra&#8221; de la ampliaci\u00f3n de &#8220;Escuela Primaria para Ni\u00f1as Rep\u00fablica de Colombia&#8221;.<\/p>\n<p style=\"text-align: justify;\">El proyecto constar\u00e1 de: 1 m\u00f3dulo de 6 aulas, 1 cancha y losa para 3 aulas.<\/p>\n<p style=\"text-align: justify;\">Participaron: Consejo de padres de familia, Gobernador Departamental, Municipalidad de Carch\u00e1, catedr\u00e1ticos del establecimiento, padres de familia y CTA del municipio.<\/p>\n<div><\/div>\n","protected":false},"excerpt":{"rendered":"<p>El proyecto constar\u00e1 de: 1 m\u00f3dulo de 6 aulas, 1 cancha y losa para 3 aulas.<\/p>\n","protected":false},"author":1,"featured_media":3398,"comment_status":"closed","ping_status":"open","sticky":false,"template":"","format":"standard","meta":[],"categories":[195,199],"tags":[],"_links":{"self":[{"href":"https:\/\/gobernacionaltaverapaz.gob.gt\/index.php?rest_route=\/wp\/v2\/posts\/3416"}],"collection":[{"href":"https:\/\/gobernacionaltaverapaz.gob.gt\/index.php?rest_route=\/wp\/v2\/posts"}],"about":[{"href":"https:\/\/gobernacionaltaverapaz.gob.gt\/index.php?rest_route=\/wp\/v2\/types\/post"}],"author":[{"embeddable":true,"href":"https:\/\/gobernacionaltaverapaz.gob.gt\/index.php?rest_route=\/wp\/v2\/users\/1"}],"replies":[{"embeddable":true,"href":"https:\/\/gobernacionaltaverapaz.gob.gt\/index.php?rest_route=%2Fwp%2Fv2%2Fcomments&post=3416"}],"version-history":[{"count":2,"href":"https:\/\/gobernacionaltaverapaz.gob.gt\/index.php?rest_route=\/wp\/v2\/posts\/3416\/revisions"}],"predecessor-version":[{"id":3418,"href":"https:\/\/gobernacionaltaverapaz.gob.gt\/index.php?rest_route=\/wp\/v2\/posts\/3416\/revisions\/3418"}],"wp:featuredmedia":[{"embeddable":true,"href":"https:\/\/gobernacionaltaverapaz.gob.gt\/index.php?rest_route=\/wp\/v2\/media\/3398"}],"wp:attachment":[{"href":"https:\/\/gobernacionaltaverapaz.gob.gt\/index.php?rest_route=%2Fwp%2Fv2%2Fmedia&parent=3416"}],"wp:term":[{"taxonomy":"category","embeddable":true,"href":"https:\/\/gobernacionaltaverapaz.gob.gt\/index.php?rest_route=%2Fwp%2Fv2%2Fcategories&post=3416"},{"taxonomy":"post_tag","embeddable":true,"href":"https:\/\/gobernacionaltaverapaz.gob.gt\/index.php?rest_route=%2Fwp%2Fv2%2Ftags&post=3416"}],"curies":[{"name":"wp","href":"https:\/\/api.w.org\/{rel}","templated":true}]}}