{"id":3420,"date":"2019-04-10T15:01:46","date_gmt":"2019-04-10T21:01:46","guid":{"rendered":"http:\/\/gobernacionaltaverapaz.gob.gt\/?p=3420"},"modified":"2019-04-26T11:16:20","modified_gmt":"2019-04-26T17:16:20","slug":"reunin-del-sistema-nacional-de-prevencin-en-semana-santa-sinaprese","status":"publish","type":"post","link":"https:\/\/gobernacionaltaverapaz.gob.gt\/?p=3420","title":{"rendered":"REUNI\u00d3N DEL SISTEMA NACIONAL DE PREVENCI\u00d3N EN SEMANA SANTA -SINAPRESE-"},"content":{"rendered":"<p style=\"text-align: justify;\">Dentro de las instalaciones de CONRED de el municipio de Cob\u00e1n se llev\u00f3 a cabo reuni\u00f3n del &#8220;Sistema Nacional de Prevenci\u00f3n en Semana Santa&#8221; -SINAPRESE-.<\/p>\n<p style=\"text-align: justify;\">El mismo busca prevenir, mitigar y responder contingencia o emergencias, contando con servicio de seguridad, salud, informaci\u00f3n y atenci\u00f3n vial.<\/p>\n<p style=\"text-align: justify;\">El plan se activa el d\u00eda viernes 12 de abril del 2019 a partir de las 00:00 horas declarando alerta Color Amarillo (Institucional).<br \/>\nEl plan se desactiva el d\u00eda lunes 22 de abril del 2019 a las 10:00 horas manteniendo la alerta institucional por cualquier otra amenaza presente en el territorio.<\/p>\n<div><\/div>\n","protected":false},"excerpt":{"rendered":"<p>El mismo busca prevenir, mitigar y responder contingencia o emergencias, contando con servicio de seguridad, salud, informaci\u00f3n y atenci\u00f3n vial.<\/p>\n","protected":false},"author":1,"featured_media":3410,"comment_status":"closed","ping_status":"open","sticky":false,"template":"","format":"standard","meta":[],"categories":[191,199],"tags":[],"_links":{"self":[{"href":"https:\/\/gobernacionaltaverapaz.gob.gt\/index.php?rest_route=\/wp\/v2\/posts\/3420"}],"collection":[{"href":"https:\/\/gobernacionaltaverapaz.gob.gt\/index.php?rest_route=\/wp\/v2\/posts"}],"about":[{"href":"https:\/\/gobernacionaltaverapaz.gob.gt\/index.php?rest_route=\/wp\/v2\/types\/post"}],"author":[{"embeddable":true,"href":"https:\/\/gobernacionaltaverapaz.gob.gt\/index.php?rest_route=\/wp\/v2\/users\/1"}],"replies":[{"embeddable":true,"href":"https:\/\/gobernacionaltaverapaz.gob.gt\/index.php?rest_route=%2Fwp%2Fv2%2Fcomments&post=3420"}],"version-history":[{"count":1,"href":"https:\/\/gobernacionaltaverapaz.gob.gt\/index.php?rest_route=\/wp\/v2\/posts\/3420\/revisions"}],"predecessor-version":[{"id":3421,"href":"https:\/\/gobernacionaltaverapaz.gob.gt\/index.php?rest_route=\/wp\/v2\/posts\/3420\/revisions\/3421"}],"wp:featuredmedia":[{"embeddable":true,"href":"https:\/\/gobernacionaltaverapaz.gob.gt\/index.php?rest_route=\/wp\/v2\/media\/3410"}],"wp:attachment":[{"href":"https:\/\/gobernacionaltaverapaz.gob.gt\/index.php?rest_route=%2Fwp%2Fv2%2Fmedia&parent=3420"}],"wp:term":[{"taxonomy":"category","embeddable":true,"href":"https:\/\/gobernacionaltaverapaz.gob.gt\/index.php?rest_route=%2Fwp%2Fv2%2Fcategories&post=3420"},{"taxonomy":"post_tag","embeddable":true,"href":"https:\/\/gobernacionaltaverapaz.gob.gt\/index.php?rest_route=%2Fwp%2Fv2%2Ftags&post=3420"}],"curies":[{"name":"wp","href":"https:\/\/api.w.org\/{rel}","templated":true}]}}