{"id":3464,"date":"2019-04-09T17:22:38","date_gmt":"2019-04-09T23:22:38","guid":{"rendered":"http:\/\/gobernacionaltaverapaz.gob.gt\/?p=3464"},"modified":"2019-04-26T11:45:19","modified_gmt":"2019-04-26T17:45:19","slug":"tercera-reunin-de-la-comisin-de-desarrollo-urbano-rural-codur","status":"publish","type":"post","link":"https:\/\/gobernacionaltaverapaz.gob.gt\/?p=3464","title":{"rendered":"TERCERA REUNI\u00d3N DE LA COMISI\u00d3N DE DESARROLLO URBANO Y RURAL -CODUR-"},"content":{"rendered":"<p style=\"text-align: justify;\">Dentro del sal\u00f3n Las Am\u00e9ricas, palacio de Gobernaci\u00f3n, se llev\u00f3 a cabo, tercera reuni\u00f3n de la &#8220;Comisi\u00f3n de Desarrollo Urbano y Rural&#8221; -CODUR-.<\/p>\n<p style=\"text-align: justify;\">Objetivos; Socializaci\u00f3n y revisi\u00f3n del borrador de la Pol\u00edtica Nacional de Ordenamiento Territorial, abordar seguimiento del plan de trabajo del a\u00f1o 2019, en la prioridad nacional de desarrollo &#8220;Seguridad Alimentaria y Nutricional&#8221;.<\/p>\n<p style=\"text-align: justify;\">Participaron: MAGA, MINISTERIO DE SALUD, MARN, SEGEPLAN, MINEDUC, MICIVI, GOBERNACI\u00d3N DEPARTAMENTAL, Ej\u00e9rcito 6ta. Brigada, CREOMPAZ, MIDES, COREDUR y SESAN.<\/p>\n<div><\/div>\n","protected":false},"excerpt":{"rendered":"<p>Participaron: MAGA, MINISTERIO DE SALUD, MARN, SEGEPLAN, MINEDUC, MICIVI, GOBERNACI\u00d3N DEPARTAMENTAL, Ej\u00e9rcito 6ta. Brigada, CREOMPAZ, MIDES, COREDUR y SESAN.<\/p>\n","protected":false},"author":1,"featured_media":3428,"comment_status":"closed","ping_status":"open","sticky":false,"template":"","format":"standard","meta":[],"categories":[191,199],"tags":[],"_links":{"self":[{"href":"https:\/\/gobernacionaltaverapaz.gob.gt\/index.php?rest_route=\/wp\/v2\/posts\/3464"}],"collection":[{"href":"https:\/\/gobernacionaltaverapaz.gob.gt\/index.php?rest_route=\/wp\/v2\/posts"}],"about":[{"href":"https:\/\/gobernacionaltaverapaz.gob.gt\/index.php?rest_route=\/wp\/v2\/types\/post"}],"author":[{"embeddable":true,"href":"https:\/\/gobernacionaltaverapaz.gob.gt\/index.php?rest_route=\/wp\/v2\/users\/1"}],"replies":[{"embeddable":true,"href":"https:\/\/gobernacionaltaverapaz.gob.gt\/index.php?rest_route=%2Fwp%2Fv2%2Fcomments&post=3464"}],"version-history":[{"count":1,"href":"https:\/\/gobernacionaltaverapaz.gob.gt\/index.php?rest_route=\/wp\/v2\/posts\/3464\/revisions"}],"predecessor-version":[{"id":3465,"href":"https:\/\/gobernacionaltaverapaz.gob.gt\/index.php?rest_route=\/wp\/v2\/posts\/3464\/revisions\/3465"}],"wp:featuredmedia":[{"embeddable":true,"href":"https:\/\/gobernacionaltaverapaz.gob.gt\/index.php?rest_route=\/wp\/v2\/media\/3428"}],"wp:attachment":[{"href":"https:\/\/gobernacionaltaverapaz.gob.gt\/index.php?rest_route=%2Fwp%2Fv2%2Fmedia&parent=3464"}],"wp:term":[{"taxonomy":"category","embeddable":true,"href":"https:\/\/gobernacionaltaverapaz.gob.gt\/index.php?rest_route=%2Fwp%2Fv2%2Fcategories&post=3464"},{"taxonomy":"post_tag","embeddable":true,"href":"https:\/\/gobernacionaltaverapaz.gob.gt\/index.php?rest_route=%2Fwp%2Fv2%2Ftags&post=3464"}],"curies":[{"name":"wp","href":"https:\/\/api.w.org\/{rel}","templated":true}]}}