{"id":3473,"date":"2019-04-08T16:40:44","date_gmt":"2019-04-08T22:40:44","guid":{"rendered":"http:\/\/gobernacionaltaverapaz.gob.gt\/?p=3473"},"modified":"2019-04-26T12:06:24","modified_gmt":"2019-04-26T18:06:24","slug":"reunin-para-socializar-la-apertura-de-la-pavimentacin-de-la-aldea-sequib-chamisun","status":"publish","type":"post","link":"https:\/\/gobernacionaltaverapaz.gob.gt\/?p=3473","title":{"rendered":"REUNI\u00d3N PARA SOCIALIZAR LA APERTURA DE LA PAVIMENTACI\u00d3N DE LA ALDEA SEQUIB A CHAMISUN"},"content":{"rendered":"<div class=\"k_um1_e3ht7 j_um1_e8yq4 clearfix\">\n<div class=\"clearfix t_um1_e3jjy\">\n<div class=\"clearfix _42ef\">\n<div class=\"s_um1_e3jk3\">\n<div>\n<div class=\"_6a _5u5j\">\n<div class=\"_6a _5u5j _6b\">\n<p style=\"text-align: justify;\">Dentro del sal\u00f3n PROCUDE de el municipio de San Juan Chamelco se realiz\u00f3 reuni\u00f3n para socializar la apertura de la pavimentaci\u00f3n de la aldea Sequib a Chamisun.<\/p>\n<p style=\"text-align: justify;\">El mismo proyecto comenzar\u00e1 a efectuarse en el mes de abril del a\u00f1o en curso, con un total de 15.2km de pavimento, esto con el aporte del Ministerio de Comunicaciones, Infraestructura y Vivienda -MICIVI-.<\/p>\n<p style=\"text-align: justify;\">En ello particip\u00f3 el se\u00f1or Gobernador, M.A. Erik Nolberto Guerrero Milian, Consejo Municipal, COCODES y vecinos beneficiados.<\/p>\n<div><\/div>\n<\/div>\n<\/div>\n<\/div>\n<\/div>\n<\/div>\n<\/div>\n<\/div>\n<div id=\"js_af8\" class=\"_5pbx userContent _3576\" data-ft=\"{&quot;tn&quot;:&quot;K&quot;}\"><\/div>\n","protected":false},"excerpt":{"rendered":"<p>El proyecto comenzar\u00e1 a efectuarse en el mes de abril del a\u00f1o en curso, con un total de 15.2km de pavimento, esto con el aporte del Ministerio de Comunicaciones, Infraestructura y Vivienda -MICIVI-.<\/p>\n","protected":false},"author":1,"featured_media":3453,"comment_status":"closed","ping_status":"open","sticky":false,"template":"","format":"standard","meta":[],"categories":[191,199],"tags":[],"_links":{"self":[{"href":"https:\/\/gobernacionaltaverapaz.gob.gt\/index.php?rest_route=\/wp\/v2\/posts\/3473"}],"collection":[{"href":"https:\/\/gobernacionaltaverapaz.gob.gt\/index.php?rest_route=\/wp\/v2\/posts"}],"about":[{"href":"https:\/\/gobernacionaltaverapaz.gob.gt\/index.php?rest_route=\/wp\/v2\/types\/post"}],"author":[{"embeddable":true,"href":"https:\/\/gobernacionaltaverapaz.gob.gt\/index.php?rest_route=\/wp\/v2\/users\/1"}],"replies":[{"embeddable":true,"href":"https:\/\/gobernacionaltaverapaz.gob.gt\/index.php?rest_route=%2Fwp%2Fv2%2Fcomments&post=3473"}],"version-history":[{"count":1,"href":"https:\/\/gobernacionaltaverapaz.gob.gt\/index.php?rest_route=\/wp\/v2\/posts\/3473\/revisions"}],"predecessor-version":[{"id":3474,"href":"https:\/\/gobernacionaltaverapaz.gob.gt\/index.php?rest_route=\/wp\/v2\/posts\/3473\/revisions\/3474"}],"wp:featuredmedia":[{"embeddable":true,"href":"https:\/\/gobernacionaltaverapaz.gob.gt\/index.php?rest_route=\/wp\/v2\/media\/3453"}],"wp:attachment":[{"href":"https:\/\/gobernacionaltaverapaz.gob.gt\/index.php?rest_route=%2Fwp%2Fv2%2Fmedia&parent=3473"}],"wp:term":[{"taxonomy":"category","embeddable":true,"href":"https:\/\/gobernacionaltaverapaz.gob.gt\/index.php?rest_route=%2Fwp%2Fv2%2Fcategories&post=3473"},{"taxonomy":"post_tag","embeddable":true,"href":"https:\/\/gobernacionaltaverapaz.gob.gt\/index.php?rest_route=%2Fwp%2Fv2%2Ftags&post=3473"}],"curies":[{"name":"wp","href":"https:\/\/api.w.org\/{rel}","templated":true}]}}