{"id":3528,"date":"2019-04-04T08:40:48","date_gmt":"2019-04-04T14:40:48","guid":{"rendered":"http:\/\/gobernacionaltaverapaz.gob.gt\/?p=3528"},"modified":"2019-04-26T15:58:55","modified_gmt":"2019-04-26T21:58:55","slug":"acto-de-inauguracin-del-festival-nias-ticsteam","status":"publish","type":"post","link":"https:\/\/gobernacionaltaverapaz.gob.gt\/?p=3528","title":{"rendered":"ACTO DE INAUGURACI\u00d3N DEL FESTIVAL NI\u00d1AS TIC-STEAM"},"content":{"rendered":"<p style=\"text-align: justify;\">En las instalaciones del Instituto Normal Mixto del Norte Emilio Rosales Ponce, se realiz\u00f3 acto de inauguraci\u00f3n del Festival Ni\u00f1as TIC-STEAM Objetivo de Desarrollo Sostenible.<\/p>\n<p style=\"text-align: justify;\">2,500 ni\u00f1as de los \u00faltimos grados de diversificado participaron en el Festival Ni\u00f1as TIC-STEAM, que tiene como objetivo; motivarlas a continuar sus estudios e incursionar en carreras afines a la ciencia y tecnolog\u00eda.<\/p>\n<p style=\"text-align: justify;\">Participaron; Alumnas de diferentes centros educativos, Lic. Erik Nolberto Guerrero Milian, Gobernador Departamental, M.A. Hector Alejandro, Viceministro T\u00e9cnico de Educaci\u00f3n, Lic. Edgar Antonio Chen, Director Departamental de Educaci\u00f3n y EDECRI.<\/p>\n<div><\/div>\n","protected":false},"excerpt":{"rendered":"<p>Que tiene como objetivo; motivarlas a continuar sus estudios e incursionar en carreras afines a la ciencia y tecnolog\u00eda.<\/p>\n","protected":false},"author":1,"featured_media":3501,"comment_status":"closed","ping_status":"open","sticky":false,"template":"","format":"standard","meta":[],"categories":[199],"tags":[],"_links":{"self":[{"href":"https:\/\/gobernacionaltaverapaz.gob.gt\/index.php?rest_route=\/wp\/v2\/posts\/3528"}],"collection":[{"href":"https:\/\/gobernacionaltaverapaz.gob.gt\/index.php?rest_route=\/wp\/v2\/posts"}],"about":[{"href":"https:\/\/gobernacionaltaverapaz.gob.gt\/index.php?rest_route=\/wp\/v2\/types\/post"}],"author":[{"embeddable":true,"href":"https:\/\/gobernacionaltaverapaz.gob.gt\/index.php?rest_route=\/wp\/v2\/users\/1"}],"replies":[{"embeddable":true,"href":"https:\/\/gobernacionaltaverapaz.gob.gt\/index.php?rest_route=%2Fwp%2Fv2%2Fcomments&post=3528"}],"version-history":[{"count":1,"href":"https:\/\/gobernacionaltaverapaz.gob.gt\/index.php?rest_route=\/wp\/v2\/posts\/3528\/revisions"}],"predecessor-version":[{"id":3529,"href":"https:\/\/gobernacionaltaverapaz.gob.gt\/index.php?rest_route=\/wp\/v2\/posts\/3528\/revisions\/3529"}],"wp:featuredmedia":[{"embeddable":true,"href":"https:\/\/gobernacionaltaverapaz.gob.gt\/index.php?rest_route=\/wp\/v2\/media\/3501"}],"wp:attachment":[{"href":"https:\/\/gobernacionaltaverapaz.gob.gt\/index.php?rest_route=%2Fwp%2Fv2%2Fmedia&parent=3528"}],"wp:term":[{"taxonomy":"category","embeddable":true,"href":"https:\/\/gobernacionaltaverapaz.gob.gt\/index.php?rest_route=%2Fwp%2Fv2%2Fcategories&post=3528"},{"taxonomy":"post_tag","embeddable":true,"href":"https:\/\/gobernacionaltaverapaz.gob.gt\/index.php?rest_route=%2Fwp%2Fv2%2Ftags&post=3528"}],"curies":[{"name":"wp","href":"https:\/\/api.w.org\/{rel}","templated":true}]}}