{"id":3531,"date":"2019-04-26T14:13:12","date_gmt":"2019-04-26T20:13:12","guid":{"rendered":"http:\/\/gobernacionaltaverapaz.gob.gt\/?p=3531"},"modified":"2019-04-26T16:43:02","modified_gmt":"2019-04-26T22:43:02","slug":"conferencia-de-prensa-para-dar-conocer-la-participacin-de-las-personas-con-discapacidad-en-el-proceso-electoral-2019","status":"publish","type":"post","link":"https:\/\/gobernacionaltaverapaz.gob.gt\/?p=3531","title":{"rendered":"CONFERENCIA DE PRENSA PARA DAR A CONOCER LA PARTICIPACI\u00d3N DE LAS PERSONAS CON DISCAPACIDAD EN EL PROCESO ELECTORAL 2019"},"content":{"rendered":"<p style=\"text-align: justify;\">Se realiz\u00f3, conferencia de prensa para dar a conocer la &#8220;Participaci\u00f3n de las Personas Con Discapacidad en el Proceso Electoral 2019.<\/p>\n<p style=\"text-align: justify;\">La cual se dio a conocer por parte de la Junta Electoral Municipal de Cob\u00e1n, que se implement\u00f3 acciones de accesibilidad para garantizar la participaci\u00f3n de las personas con Discapacidad en este evento electoral.<\/p>\n<p style=\"text-align: justify;\">Para ello participaron; ASOEDECRI, FUNDABIEN, Escuela de Educaci\u00f3n Especial de San Crist\u00f3bal Verapaz y Representantes de la Oficina Municipal de Discapacidad de Santa Cruz Verapaz.<\/p>\n<p style=\"text-align: justify;\">As\u00ed mismo en la mesa principal; Junta Electoral Departamental, Junta Municipal de Cob\u00e1n, Subdirector de CONADI, coordinadora de la comisi\u00f3n departamental de discapacidad, delegado CONADI de Alta Verapaz y Gobernador Departamental de Alta Verapaz.<\/p>\n<div><\/div>\n","protected":false},"excerpt":{"rendered":"<p>En la cual se dio a conocer por parte de la Junta Electoral Municipal de Cob\u00e1n, que se implement\u00f3 acciones de accesibilidad para garantizar la participaci\u00f3n de las personas con Discapacidad en este evento electoral.<\/p>\n","protected":false},"author":1,"featured_media":3533,"comment_status":"closed","ping_status":"open","sticky":false,"template":"","format":"standard","meta":[],"categories":[199],"tags":[178],"_links":{"self":[{"href":"https:\/\/gobernacionaltaverapaz.gob.gt\/index.php?rest_route=\/wp\/v2\/posts\/3531"}],"collection":[{"href":"https:\/\/gobernacionaltaverapaz.gob.gt\/index.php?rest_route=\/wp\/v2\/posts"}],"about":[{"href":"https:\/\/gobernacionaltaverapaz.gob.gt\/index.php?rest_route=\/wp\/v2\/types\/post"}],"author":[{"embeddable":true,"href":"https:\/\/gobernacionaltaverapaz.gob.gt\/index.php?rest_route=\/wp\/v2\/users\/1"}],"replies":[{"embeddable":true,"href":"https:\/\/gobernacionaltaverapaz.gob.gt\/index.php?rest_route=%2Fwp%2Fv2%2Fcomments&post=3531"}],"version-history":[{"count":2,"href":"https:\/\/gobernacionaltaverapaz.gob.gt\/index.php?rest_route=\/wp\/v2\/posts\/3531\/revisions"}],"predecessor-version":[{"id":3553,"href":"https:\/\/gobernacionaltaverapaz.gob.gt\/index.php?rest_route=\/wp\/v2\/posts\/3531\/revisions\/3553"}],"wp:featuredmedia":[{"embeddable":true,"href":"https:\/\/gobernacionaltaverapaz.gob.gt\/index.php?rest_route=\/wp\/v2\/media\/3533"}],"wp:attachment":[{"href":"https:\/\/gobernacionaltaverapaz.gob.gt\/index.php?rest_route=%2Fwp%2Fv2%2Fmedia&parent=3531"}],"wp:term":[{"taxonomy":"category","embeddable":true,"href":"https:\/\/gobernacionaltaverapaz.gob.gt\/index.php?rest_route=%2Fwp%2Fv2%2Fcategories&post=3531"},{"taxonomy":"post_tag","embeddable":true,"href":"https:\/\/gobernacionaltaverapaz.gob.gt\/index.php?rest_route=%2Fwp%2Fv2%2Ftags&post=3531"}],"curies":[{"name":"wp","href":"https:\/\/api.w.org\/{rel}","templated":true}]}}