{"id":3554,"date":"2019-04-26T09:16:12","date_gmt":"2019-04-26T15:16:12","guid":{"rendered":"http:\/\/gobernacionaltaverapaz.gob.gt\/?p=3554"},"modified":"2019-04-26T16:53:47","modified_gmt":"2019-04-26T22:53:47","slug":"mesa-de-dilogo-para-la-bsqueda-de-solucin-al-espacio-donado-escuela-repblica-de-colombia-de-san-pedro-carch","status":"publish","type":"post","link":"https:\/\/gobernacionaltaverapaz.gob.gt\/?p=3554","title":{"rendered":"MESA DE DI\u00c1LOGO PARA LA B\u00daSQUEDA DE SOLUCI\u00d3N AL ESPACIO DONADO A ESCUELA REP\u00daBLICA DE COLOMBIA DE SAN PEDRO CARCH\u00c1"},"content":{"rendered":"<p style=\"text-align: justify;\">Gobernador Departamental, M.A. Erik Nolberto Guerrero Milian, realiz\u00f3 mesa de di\u00e1logo para la b\u00fasqueda de soluci\u00f3n al espacio que se le a donado a la Escuela Rep\u00fablica de Colombia de San Pedro Carch\u00e1, el cual la Escuela Experimental de Educaci\u00f3n B\u00e1sica del mismo municipio, conllevan documentos quien hace de su propiedad dicho predio.<\/p>\n<p style=\"text-align: justify;\">El Ministerio de Educaci\u00f3n como ente primordial en dicho proceso de la b\u00fasqueda de soluci\u00f3n para el beneficio de las ni\u00f1as y ni\u00f1os de ambos establecimientos educativos, en la misma se escuch\u00f3 la opini\u00f3n y la lectura de documentos legales que ambas partes obtienen.<\/p>\n<p style=\"text-align: justify;\">En conclusi\u00f3n se realizar\u00e1 una pr\u00f3xima reuni\u00f3n dentro del Ministerio de Educaci\u00f3n para consensuar la mejor viabilidad y continuar con la construcci\u00f3n que ya se empez\u00f3 en la Escuela Rep\u00fablica de Colombia del municipio de Carch\u00e1.<\/p>\n<div><\/div>\n","protected":false},"excerpt":{"rendered":"<p>El Ministerio de Educaci\u00f3n como ente primordial en dicho proceso de la b\u00fasqueda de soluci\u00f3n para el beneficio de las ni\u00f1as y ni\u00f1os.<\/p>\n","protected":false},"author":1,"featured_media":3542,"comment_status":"closed","ping_status":"open","sticky":false,"template":"","format":"standard","meta":[],"categories":[199],"tags":[178],"_links":{"self":[{"href":"https:\/\/gobernacionaltaverapaz.gob.gt\/index.php?rest_route=\/wp\/v2\/posts\/3554"}],"collection":[{"href":"https:\/\/gobernacionaltaverapaz.gob.gt\/index.php?rest_route=\/wp\/v2\/posts"}],"about":[{"href":"https:\/\/gobernacionaltaverapaz.gob.gt\/index.php?rest_route=\/wp\/v2\/types\/post"}],"author":[{"embeddable":true,"href":"https:\/\/gobernacionaltaverapaz.gob.gt\/index.php?rest_route=\/wp\/v2\/users\/1"}],"replies":[{"embeddable":true,"href":"https:\/\/gobernacionaltaverapaz.gob.gt\/index.php?rest_route=%2Fwp%2Fv2%2Fcomments&post=3554"}],"version-history":[{"count":2,"href":"https:\/\/gobernacionaltaverapaz.gob.gt\/index.php?rest_route=\/wp\/v2\/posts\/3554\/revisions"}],"predecessor-version":[{"id":3557,"href":"https:\/\/gobernacionaltaverapaz.gob.gt\/index.php?rest_route=\/wp\/v2\/posts\/3554\/revisions\/3557"}],"wp:featuredmedia":[{"embeddable":true,"href":"https:\/\/gobernacionaltaverapaz.gob.gt\/index.php?rest_route=\/wp\/v2\/media\/3542"}],"wp:attachment":[{"href":"https:\/\/gobernacionaltaverapaz.gob.gt\/index.php?rest_route=%2Fwp%2Fv2%2Fmedia&parent=3554"}],"wp:term":[{"taxonomy":"category","embeddable":true,"href":"https:\/\/gobernacionaltaverapaz.gob.gt\/index.php?rest_route=%2Fwp%2Fv2%2Fcategories&post=3554"},{"taxonomy":"post_tag","embeddable":true,"href":"https:\/\/gobernacionaltaverapaz.gob.gt\/index.php?rest_route=%2Fwp%2Fv2%2Ftags&post=3554"}],"curies":[{"name":"wp","href":"https:\/\/api.w.org\/{rel}","templated":true}]}}