{"id":3567,"date":"2019-04-26T16:35:33","date_gmt":"2019-04-26T22:35:33","guid":{"rendered":"http:\/\/gobernacionaltaverapaz.gob.gt\/?p=3567"},"modified":"2019-04-29T08:50:42","modified_gmt":"2019-04-29T14:50:42","slug":"presentacin-de-la-sala-situacional-comunitario-en-san-juan-chamelco","status":"publish","type":"post","link":"https:\/\/gobernacionaltaverapaz.gob.gt\/?p=3567","title":{"rendered":"PRESENTACI\u00d3N DE LA SALA SITUACIONAL COMUNITARIO EN SAN JUAN CHAMELCO"},"content":{"rendered":"<p style=\"text-align: justify;\">En el sector Chirrepeco ubicado a 5km de Cob\u00e1n, se realiz\u00f3 la presentaci\u00f3n de la &#8220;Sala Situacional Comunitario&#8221;, por parte del \u00c1rea de Salud.<\/p>\n<p style=\"text-align: justify;\">Para ello participaron 60 personas, tanto lideres comunitarios y maestros del \u00e1rea.<\/p>\n<p style=\"text-align: justify;\">En la misma se elabor\u00f3 plan de acci\u00f3n, donde detectaron problemas, con ello poder hacer actividades los cuales puedan cubrir, detallando fecha y responsables para lograrlo.<\/p>\n<p style=\"text-align: justify;\">Gobernador Departamental, M.A. Erik Nolberto Guerrero Milian, detall\u00f3; &#8220;Cuidar la salud de cada uno, tanto ni\u00f1os como adultos es sumamente importante, acatar las recomendaciones que se nos transmiten, nos ayudar\u00e1 a ser personas sanas y con esto ser productivos para nuestras sociedad&#8221;.<\/p>\n<p style=\"text-align: justify;\">En el sector y las comunidades aleda\u00f1as hay un total de 1,660 personas con 387 viviendas y 689 familias.<\/p>\n<div><\/div>\n","protected":false},"excerpt":{"rendered":"<p>En la misma se elabor\u00f3 plan de acci\u00f3n, donde detectaron problemas, con ello poder hacer actividades los cuales puedan cubrir, detallando fecha y responsables para lograrlo.<\/p>\n","protected":false},"author":1,"featured_media":3568,"comment_status":"closed","ping_status":"open","sticky":false,"template":"","format":"standard","meta":[],"categories":[191,199],"tags":[178],"_links":{"self":[{"href":"https:\/\/gobernacionaltaverapaz.gob.gt\/index.php?rest_route=\/wp\/v2\/posts\/3567"}],"collection":[{"href":"https:\/\/gobernacionaltaverapaz.gob.gt\/index.php?rest_route=\/wp\/v2\/posts"}],"about":[{"href":"https:\/\/gobernacionaltaverapaz.gob.gt\/index.php?rest_route=\/wp\/v2\/types\/post"}],"author":[{"embeddable":true,"href":"https:\/\/gobernacionaltaverapaz.gob.gt\/index.php?rest_route=\/wp\/v2\/users\/1"}],"replies":[{"embeddable":true,"href":"https:\/\/gobernacionaltaverapaz.gob.gt\/index.php?rest_route=%2Fwp%2Fv2%2Fcomments&post=3567"}],"version-history":[{"count":2,"href":"https:\/\/gobernacionaltaverapaz.gob.gt\/index.php?rest_route=\/wp\/v2\/posts\/3567\/revisions"}],"predecessor-version":[{"id":3580,"href":"https:\/\/gobernacionaltaverapaz.gob.gt\/index.php?rest_route=\/wp\/v2\/posts\/3567\/revisions\/3580"}],"wp:featuredmedia":[{"embeddable":true,"href":"https:\/\/gobernacionaltaverapaz.gob.gt\/index.php?rest_route=\/wp\/v2\/media\/3568"}],"wp:attachment":[{"href":"https:\/\/gobernacionaltaverapaz.gob.gt\/index.php?rest_route=%2Fwp%2Fv2%2Fmedia&parent=3567"}],"wp:term":[{"taxonomy":"category","embeddable":true,"href":"https:\/\/gobernacionaltaverapaz.gob.gt\/index.php?rest_route=%2Fwp%2Fv2%2Fcategories&post=3567"},{"taxonomy":"post_tag","embeddable":true,"href":"https:\/\/gobernacionaltaverapaz.gob.gt\/index.php?rest_route=%2Fwp%2Fv2%2Ftags&post=3567"}],"curies":[{"name":"wp","href":"https:\/\/api.w.org\/{rel}","templated":true}]}}