{"id":3646,"date":"2019-04-03T18:42:36","date_gmt":"2019-04-04T00:42:36","guid":{"rendered":"http:\/\/gobernacionaltaverapaz.gob.gt\/?p=3646"},"modified":"2019-04-29T10:03:42","modified_gmt":"2019-04-29T16:03:42","slug":"lanzamiento-del-programa-de-cooperacin-sueciaunicef-guatemala-en-santa-cruz-verapaz","status":"publish","type":"post","link":"https:\/\/gobernacionaltaverapaz.gob.gt\/?p=3646","title":{"rendered":"LANZAMIENTO DEL &#8220;PROGRAMA DE COOPERACI\u00d3N SUECIA-UNICEF GUATEMALA&#8221; EN SANTA CRUZ VERAPAZ"},"content":{"rendered":"<p style=\"text-align: justify;\">En el municipio de Santa Cruz Verapaz se realiz\u00f3 el lanzamiento del &#8220;Programa de Cooperaci\u00f3n Suecia &#8211; UNICEF Guatemala&#8221; per\u00edodo 2019 &#8211; 2022.<\/p>\n<p style=\"text-align: justify;\">Construcci\u00f3n de entornos protectores para las ni\u00f1as y ni\u00f1os en Guatemala.<\/p>\n<p style=\"text-align: justify;\">Gobernador Departamental, Lic. Erik Nolberto Guerrero Milian, particip\u00f3 como testigo de honor en dicho lanzamiento.<\/p>\n<div><\/div>\n","protected":false},"excerpt":{"rendered":"<p>El se\u00f1or Gobernador Departamental particip\u00f3 como testigo de honor en dicho lanzamiento.<\/p>\n","protected":false},"author":1,"featured_media":3581,"comment_status":"closed","ping_status":"open","sticky":false,"template":"","format":"standard","meta":[],"categories":[191,199],"tags":[],"_links":{"self":[{"href":"https:\/\/gobernacionaltaverapaz.gob.gt\/index.php?rest_route=\/wp\/v2\/posts\/3646"}],"collection":[{"href":"https:\/\/gobernacionaltaverapaz.gob.gt\/index.php?rest_route=\/wp\/v2\/posts"}],"about":[{"href":"https:\/\/gobernacionaltaverapaz.gob.gt\/index.php?rest_route=\/wp\/v2\/types\/post"}],"author":[{"embeddable":true,"href":"https:\/\/gobernacionaltaverapaz.gob.gt\/index.php?rest_route=\/wp\/v2\/users\/1"}],"replies":[{"embeddable":true,"href":"https:\/\/gobernacionaltaverapaz.gob.gt\/index.php?rest_route=%2Fwp%2Fv2%2Fcomments&post=3646"}],"version-history":[{"count":2,"href":"https:\/\/gobernacionaltaverapaz.gob.gt\/index.php?rest_route=\/wp\/v2\/posts\/3646\/revisions"}],"predecessor-version":[{"id":3648,"href":"https:\/\/gobernacionaltaverapaz.gob.gt\/index.php?rest_route=\/wp\/v2\/posts\/3646\/revisions\/3648"}],"wp:featuredmedia":[{"embeddable":true,"href":"https:\/\/gobernacionaltaverapaz.gob.gt\/index.php?rest_route=\/wp\/v2\/media\/3581"}],"wp:attachment":[{"href":"https:\/\/gobernacionaltaverapaz.gob.gt\/index.php?rest_route=%2Fwp%2Fv2%2Fmedia&parent=3646"}],"wp:term":[{"taxonomy":"category","embeddable":true,"href":"https:\/\/gobernacionaltaverapaz.gob.gt\/index.php?rest_route=%2Fwp%2Fv2%2Fcategories&post=3646"},{"taxonomy":"post_tag","embeddable":true,"href":"https:\/\/gobernacionaltaverapaz.gob.gt\/index.php?rest_route=%2Fwp%2Fv2%2Ftags&post=3646"}],"curies":[{"name":"wp","href":"https:\/\/api.w.org\/{rel}","templated":true}]}}