{"id":3649,"date":"2019-04-03T09:11:46","date_gmt":"2019-04-03T15:11:46","guid":{"rendered":"http:\/\/gobernacionaltaverapaz.gob.gt\/?p=3649"},"modified":"2019-04-29T10:22:28","modified_gmt":"2019-04-29T16:22:28","slug":"primera-reunin-para-conformar-el-plan-de-seguridad-departamental-derivado-del-proceso-electoral","status":"publish","type":"post","link":"https:\/\/gobernacionaltaverapaz.gob.gt\/?p=3649","title":{"rendered":"PRIMERA REUNI\u00d3N PARA CONFORMAR EL PLAN DE SEGURIDAD DEPARTAMENTAL DERIVADO DEL PROCESO ELECTORAL"},"content":{"rendered":"<p style=\"text-align: justify;\">En Gobernaci\u00f3n Departamental, sal\u00f3n las Am\u00e9ricas, se realiz\u00f3 primera reuni\u00f3n para &#8220;Conformar el Plan de Seguridad Departamental&#8221;, derivado del proceso electoral a desarrollarse el pr\u00f3ximo junio en nuestro departamento.<\/p>\n<p style=\"text-align: justify;\">Mantener la seguridad de los habitantes del Departamento de Alta Verapaz es prioridad para el se\u00f1or Gobernador, Lic. Erik Nolberto Guerrero Milian.<\/p>\n<p style=\"text-align: justify;\">El fin fue; Coordinar institucionalmente con los diferentes ministerios del estado la seguridad, tanto de los participantes en los diferentes partidos pol\u00edticos como la ciudadan\u00eda en general.<\/p>\n<div><\/div>\n","protected":false},"excerpt":{"rendered":"<p>El prop\u00f3sito de la reuni\u00f3n fue; Coordinar institucionalmente con los diferentes ministerios del estado la seguridad, tanto de los participantes en los diferentes partidos pol\u00edticos como la ciudadan\u00eda en general.<\/p>\n","protected":false},"author":1,"featured_media":3591,"comment_status":"closed","ping_status":"open","sticky":false,"template":"","format":"standard","meta":[],"categories":[191,199],"tags":[],"_links":{"self":[{"href":"https:\/\/gobernacionaltaverapaz.gob.gt\/index.php?rest_route=\/wp\/v2\/posts\/3649"}],"collection":[{"href":"https:\/\/gobernacionaltaverapaz.gob.gt\/index.php?rest_route=\/wp\/v2\/posts"}],"about":[{"href":"https:\/\/gobernacionaltaverapaz.gob.gt\/index.php?rest_route=\/wp\/v2\/types\/post"}],"author":[{"embeddable":true,"href":"https:\/\/gobernacionaltaverapaz.gob.gt\/index.php?rest_route=\/wp\/v2\/users\/1"}],"replies":[{"embeddable":true,"href":"https:\/\/gobernacionaltaverapaz.gob.gt\/index.php?rest_route=%2Fwp%2Fv2%2Fcomments&post=3649"}],"version-history":[{"count":1,"href":"https:\/\/gobernacionaltaverapaz.gob.gt\/index.php?rest_route=\/wp\/v2\/posts\/3649\/revisions"}],"predecessor-version":[{"id":3650,"href":"https:\/\/gobernacionaltaverapaz.gob.gt\/index.php?rest_route=\/wp\/v2\/posts\/3649\/revisions\/3650"}],"wp:featuredmedia":[{"embeddable":true,"href":"https:\/\/gobernacionaltaverapaz.gob.gt\/index.php?rest_route=\/wp\/v2\/media\/3591"}],"wp:attachment":[{"href":"https:\/\/gobernacionaltaverapaz.gob.gt\/index.php?rest_route=%2Fwp%2Fv2%2Fmedia&parent=3649"}],"wp:term":[{"taxonomy":"category","embeddable":true,"href":"https:\/\/gobernacionaltaverapaz.gob.gt\/index.php?rest_route=%2Fwp%2Fv2%2Fcategories&post=3649"},{"taxonomy":"post_tag","embeddable":true,"href":"https:\/\/gobernacionaltaverapaz.gob.gt\/index.php?rest_route=%2Fwp%2Fv2%2Ftags&post=3649"}],"curies":[{"name":"wp","href":"https:\/\/api.w.org\/{rel}","templated":true}]}}