{"id":3656,"date":"2019-03-26T15:14:21","date_gmt":"2019-03-26T21:14:21","guid":{"rendered":"http:\/\/gobernacionaltaverapaz.gob.gt\/?p=3656"},"modified":"2019-04-29T12:19:47","modified_gmt":"2019-04-29T18:19:47","slug":"reunin-para-reactivar-la-comisin-municipal-de-seguridad-alimentaria-nutricional-en-el-municipio-de-lanqun","status":"publish","type":"post","link":"https:\/\/gobernacionaltaverapaz.gob.gt\/?p=3656","title":{"rendered":"REUNI\u00d3N PARA REACTIVAR LA COMISI\u00d3N MUNICIPAL DE SEGURIDAD ALIMENTARIA Y NUTRICIONAL -COMUSAN-  EN EL MUNICIPIO DE LANQU\u00cdN"},"content":{"rendered":"<p style=\"text-align: justify;\">En el municipio de Lanqu\u00edn, el se\u00f1or Gobernador Departamental, Lic. Erik Nolberto Guerrero Milian, dentro de sus prioridades en el departamento de Alta Verapaz es trabajar arduamente para la reducci\u00f3n del \u00edndice en desnutrici\u00f3n de los municipios vulnerados.<\/p>\n<p style=\"text-align: justify;\">Derivado de ello se realiz\u00f3, reuni\u00f3n en la municipalidad, con el fin de reactivar la Comisi\u00f3n Municipal de Seguridad Alimentaria y Nutricional -COMUSAN-, este espacio busca la apertura y los compromisos de las instituciones de gobierno a participar y apoyar en las distintas gestiones dentro de la Pol\u00edtica de Seguridad Alimentaria.<\/p>\n<p style=\"text-align: justify;\">Participaron; Educaci\u00f3n, SESAN, Gobernaci\u00f3n, Ministerio de Salud, nutricionista, DASAV\/MSPAS, MIDES y MAGA.<\/p>\n<div><\/div>\n","protected":false},"excerpt":{"rendered":"<p>Con el fin de buscar la apertura y los compromisos de las instituciones de gobierno a participar y apoyar en las distintas gestiones dentro de la Pol\u00edtica de Seguridad Alimentaria.<\/p>\n","protected":false},"author":1,"featured_media":3609,"comment_status":"closed","ping_status":"open","sticky":false,"template":"","format":"standard","meta":[],"categories":[191,199],"tags":[],"_links":{"self":[{"href":"https:\/\/gobernacionaltaverapaz.gob.gt\/index.php?rest_route=\/wp\/v2\/posts\/3656"}],"collection":[{"href":"https:\/\/gobernacionaltaverapaz.gob.gt\/index.php?rest_route=\/wp\/v2\/posts"}],"about":[{"href":"https:\/\/gobernacionaltaverapaz.gob.gt\/index.php?rest_route=\/wp\/v2\/types\/post"}],"author":[{"embeddable":true,"href":"https:\/\/gobernacionaltaverapaz.gob.gt\/index.php?rest_route=\/wp\/v2\/users\/1"}],"replies":[{"embeddable":true,"href":"https:\/\/gobernacionaltaverapaz.gob.gt\/index.php?rest_route=%2Fwp%2Fv2%2Fcomments&post=3656"}],"version-history":[{"count":2,"href":"https:\/\/gobernacionaltaverapaz.gob.gt\/index.php?rest_route=\/wp\/v2\/posts\/3656\/revisions"}],"predecessor-version":[{"id":3660,"href":"https:\/\/gobernacionaltaverapaz.gob.gt\/index.php?rest_route=\/wp\/v2\/posts\/3656\/revisions\/3660"}],"wp:featuredmedia":[{"embeddable":true,"href":"https:\/\/gobernacionaltaverapaz.gob.gt\/index.php?rest_route=\/wp\/v2\/media\/3609"}],"wp:attachment":[{"href":"https:\/\/gobernacionaltaverapaz.gob.gt\/index.php?rest_route=%2Fwp%2Fv2%2Fmedia&parent=3656"}],"wp:term":[{"taxonomy":"category","embeddable":true,"href":"https:\/\/gobernacionaltaverapaz.gob.gt\/index.php?rest_route=%2Fwp%2Fv2%2Fcategories&post=3656"},{"taxonomy":"post_tag","embeddable":true,"href":"https:\/\/gobernacionaltaverapaz.gob.gt\/index.php?rest_route=%2Fwp%2Fv2%2Ftags&post=3656"}],"curies":[{"name":"wp","href":"https:\/\/api.w.org\/{rel}","templated":true}]}}