{"id":3658,"date":"2019-03-25T19:43:22","date_gmt":"2019-03-26T01:43:22","guid":{"rendered":"http:\/\/gobernacionaltaverapaz.gob.gt\/?p=3658"},"modified":"2019-04-29T12:16:43","modified_gmt":"2019-04-29T18:16:43","slug":"reunin-con-los-17-delegados-del-ministerio-de-desarrollo-social-mides","status":"publish","type":"post","link":"https:\/\/gobernacionaltaverapaz.gob.gt\/?p=3658","title":{"rendered":"REUNI\u00d3N CON LOS 17 DELEGADOS DEL MINISTERIO DE DESARROLLO SOCIAL -MIDES-"},"content":{"rendered":"<div class=\"k_um1_e3ht7 j_um1_e8yq4 clearfix\">\n<div class=\"clearfix t_um1_e3jjy\">\n<div class=\"clearfix _42ef\">\n<div class=\"s_um1_e3jk3\">\n<div>\n<div class=\"_6a _5u5j\">\n<div class=\"_6a _5u5j _6b\">\n<p style=\"text-align: justify;\">Se convocaron a los 17 delegados del Ministerio de Desarrollo Social -MIDES- del departamento de Alta Verapaz.<\/p>\n<p style=\"text-align: justify;\">Esto con el objetivo de coordinar interinstitucionalmente la participaci\u00f3n en la -COMUSAN- que se realiza en cada municipio.<\/p>\n<p style=\"text-align: justify;\">Gobernador Departamental, Lic. Erik Nolberto Guerrero, expres\u00f3; &#8220;Su participaci\u00f3n dentro de la -COMUSAN- es de vital importancia, para apoyar los procesos que se realizan en conjunto a las dem\u00e1s instituciones quienes participan, por ello solicito compromiso de cada representante en el departamento para el fortalecimiento del mismo&#8221;.<\/p>\n<div><\/div>\n<\/div>\n<\/div>\n<\/div>\n<\/div>\n<\/div>\n<\/div>\n<\/div>\n<div id=\"js_1cc\" class=\"_5pbx userContent _3576\" data-ft=\"{&quot;tn&quot;:&quot;K&quot;}\"><\/div>\n","protected":false},"excerpt":{"rendered":"<p>Esto con el objetivo de coordinar interinstitucionalmente la participaci\u00f3n en la -COMUSAN- que se realiza en cada municipio.<\/p>\n","protected":false},"author":1,"featured_media":3620,"comment_status":"closed","ping_status":"open","sticky":false,"template":"","format":"standard","meta":[],"categories":[191,199],"tags":[],"_links":{"self":[{"href":"https:\/\/gobernacionaltaverapaz.gob.gt\/index.php?rest_route=\/wp\/v2\/posts\/3658"}],"collection":[{"href":"https:\/\/gobernacionaltaverapaz.gob.gt\/index.php?rest_route=\/wp\/v2\/posts"}],"about":[{"href":"https:\/\/gobernacionaltaverapaz.gob.gt\/index.php?rest_route=\/wp\/v2\/types\/post"}],"author":[{"embeddable":true,"href":"https:\/\/gobernacionaltaverapaz.gob.gt\/index.php?rest_route=\/wp\/v2\/users\/1"}],"replies":[{"embeddable":true,"href":"https:\/\/gobernacionaltaverapaz.gob.gt\/index.php?rest_route=%2Fwp%2Fv2%2Fcomments&post=3658"}],"version-history":[{"count":1,"href":"https:\/\/gobernacionaltaverapaz.gob.gt\/index.php?rest_route=\/wp\/v2\/posts\/3658\/revisions"}],"predecessor-version":[{"id":3659,"href":"https:\/\/gobernacionaltaverapaz.gob.gt\/index.php?rest_route=\/wp\/v2\/posts\/3658\/revisions\/3659"}],"wp:featuredmedia":[{"embeddable":true,"href":"https:\/\/gobernacionaltaverapaz.gob.gt\/index.php?rest_route=\/wp\/v2\/media\/3620"}],"wp:attachment":[{"href":"https:\/\/gobernacionaltaverapaz.gob.gt\/index.php?rest_route=%2Fwp%2Fv2%2Fmedia&parent=3658"}],"wp:term":[{"taxonomy":"category","embeddable":true,"href":"https:\/\/gobernacionaltaverapaz.gob.gt\/index.php?rest_route=%2Fwp%2Fv2%2Fcategories&post=3658"},{"taxonomy":"post_tag","embeddable":true,"href":"https:\/\/gobernacionaltaverapaz.gob.gt\/index.php?rest_route=%2Fwp%2Fv2%2Ftags&post=3658"}],"curies":[{"name":"wp","href":"https:\/\/api.w.org\/{rel}","templated":true}]}}