{"id":3678,"date":"2019-04-30T08:36:21","date_gmt":"2019-04-30T14:36:21","guid":{"rendered":"http:\/\/gobernacionaltaverapaz.gob.gt\/?p=3678"},"modified":"2019-05-03T16:21:45","modified_gmt":"2019-05-03T22:21:45","slug":"inauguracin-del-programa-nacional-de-educacin-vial-servidores-cvicos-2019","status":"publish","type":"post","link":"https:\/\/gobernacionaltaverapaz.gob.gt\/?p=3678","title":{"rendered":"INAUGURACI\u00d3N DEL PROGRAMA NACIONAL DE EDUCACI\u00d3N VIAL SERVIDORES C\u00cdVICOS 2019"},"content":{"rendered":"<p style=\"text-align: justify;\">En este municipio se realiz\u00f3 &#8220;Inauguraci\u00f3n del Programa Nacional de Educaci\u00f3n Vial Servidores C\u00edvicos 2019&#8221;, por parte del Departamento de Transito de la Polic\u00eda Nacional Civil.<\/p>\n<p style=\"text-align: justify;\">Promoviendo en todo el territorio nacional la Seguridad Vial como parte del plan mundial para la seguridad vial 2011-2020.<\/p>\n<p style=\"text-align: justify;\">En el 2019, con el apoyo del ministerio de Gobernaci\u00f3n se aument\u00f3 un 43% de servidores c\u00edvicos en el departamento de tr\u00e1nsito en comparaci\u00f3n del 2018, con 27 servidores c\u00edvicos para la regi\u00f3n 6, Cob\u00e1n, Carch\u00e1, Tactic, Salam\u00e1 y Pet\u00e9n.<\/p>\n<p><img decoding=\"async\" loading=\"lazy\" class=\"alignnone wp-image-3679\" src=\"http:\/\/gobernacionaltaverapaz.gob.gt\/wp-content\/uploads\/2019\/05\/001-1-300x200.jpg\" alt=\"\" width=\"345\" height=\"230\" srcset=\"https:\/\/gobernacionaltaverapaz.gob.gt\/wp-content\/uploads\/2019\/05\/001-1-300x200.jpg 300w, https:\/\/gobernacionaltaverapaz.gob.gt\/wp-content\/uploads\/2019\/05\/001-1-768x512.jpg 768w, https:\/\/gobernacionaltaverapaz.gob.gt\/wp-content\/uploads\/2019\/05\/001-1.jpg 900w\" sizes=\"(max-width: 345px) 100vw, 345px\" \/> <img decoding=\"async\" loading=\"lazy\" class=\"alignnone wp-image-3680\" src=\"http:\/\/gobernacionaltaverapaz.gob.gt\/wp-content\/uploads\/2019\/05\/002-1-300x200.jpg\" alt=\"\" width=\"345\" height=\"230\" srcset=\"https:\/\/gobernacionaltaverapaz.gob.gt\/wp-content\/uploads\/2019\/05\/002-1-300x200.jpg 300w, https:\/\/gobernacionaltaverapaz.gob.gt\/wp-content\/uploads\/2019\/05\/002-1-768x512.jpg 768w, https:\/\/gobernacionaltaverapaz.gob.gt\/wp-content\/uploads\/2019\/05\/002-1.jpg 900w\" sizes=\"(max-width: 345px) 100vw, 345px\" \/> <img decoding=\"async\" loading=\"lazy\" class=\"alignnone wp-image-3681\" src=\"http:\/\/gobernacionaltaverapaz.gob.gt\/wp-content\/uploads\/2019\/05\/003-1-300x200.jpg\" alt=\"\" width=\"345\" height=\"230\" srcset=\"https:\/\/gobernacionaltaverapaz.gob.gt\/wp-content\/uploads\/2019\/05\/003-1-300x200.jpg 300w, https:\/\/gobernacionaltaverapaz.gob.gt\/wp-content\/uploads\/2019\/05\/003-1-768x512.jpg 768w, https:\/\/gobernacionaltaverapaz.gob.gt\/wp-content\/uploads\/2019\/05\/003-1.jpg 900w\" sizes=\"(max-width: 345px) 100vw, 345px\" \/> <img decoding=\"async\" loading=\"lazy\" class=\"alignnone wp-image-3682\" src=\"http:\/\/gobernacionaltaverapaz.gob.gt\/wp-content\/uploads\/2019\/05\/004-1-300x200.jpg\" alt=\"\" width=\"345\" height=\"230\" srcset=\"https:\/\/gobernacionaltaverapaz.gob.gt\/wp-content\/uploads\/2019\/05\/004-1-300x200.jpg 300w, https:\/\/gobernacionaltaverapaz.gob.gt\/wp-content\/uploads\/2019\/05\/004-1-768x512.jpg 768w, https:\/\/gobernacionaltaverapaz.gob.gt\/wp-content\/uploads\/2019\/05\/004-1.jpg 900w\" sizes=\"(max-width: 345px) 100vw, 345px\" \/> <img decoding=\"async\" loading=\"lazy\" class=\"alignnone wp-image-3683\" src=\"http:\/\/gobernacionaltaverapaz.gob.gt\/wp-content\/uploads\/2019\/05\/005-1-300x200.jpg\" alt=\"\" width=\"345\" height=\"230\" srcset=\"https:\/\/gobernacionaltaverapaz.gob.gt\/wp-content\/uploads\/2019\/05\/005-1-300x200.jpg 300w, https:\/\/gobernacionaltaverapaz.gob.gt\/wp-content\/uploads\/2019\/05\/005-1-768x512.jpg 768w, https:\/\/gobernacionaltaverapaz.gob.gt\/wp-content\/uploads\/2019\/05\/005-1.jpg 900w\" sizes=\"(max-width: 345px) 100vw, 345px\" \/> <img decoding=\"async\" loading=\"lazy\" class=\"alignnone wp-image-3684\" src=\"http:\/\/gobernacionaltaverapaz.gob.gt\/wp-content\/uploads\/2019\/05\/006-1-300x200.jpg\" alt=\"\" width=\"345\" height=\"230\" srcset=\"https:\/\/gobernacionaltaverapaz.gob.gt\/wp-content\/uploads\/2019\/05\/006-1-300x200.jpg 300w, https:\/\/gobernacionaltaverapaz.gob.gt\/wp-content\/uploads\/2019\/05\/006-1-768x512.jpg 768w, https:\/\/gobernacionaltaverapaz.gob.gt\/wp-content\/uploads\/2019\/05\/006-1.jpg 900w\" sizes=\"(max-width: 345px) 100vw, 345px\" \/> <img decoding=\"async\" loading=\"lazy\" class=\"alignnone wp-image-3685\" src=\"http:\/\/gobernacionaltaverapaz.gob.gt\/wp-content\/uploads\/2019\/05\/007-300x200.jpg\" alt=\"\" width=\"345\" height=\"230\" srcset=\"https:\/\/gobernacionaltaverapaz.gob.gt\/wp-content\/uploads\/2019\/05\/007-300x200.jpg 300w, https:\/\/gobernacionaltaverapaz.gob.gt\/wp-content\/uploads\/2019\/05\/007-768x512.jpg 768w, https:\/\/gobernacionaltaverapaz.gob.gt\/wp-content\/uploads\/2019\/05\/007.jpg 900w\" sizes=\"(max-width: 345px) 100vw, 345px\" \/> <img decoding=\"async\" loading=\"lazy\" class=\"alignnone wp-image-3686\" src=\"http:\/\/gobernacionaltaverapaz.gob.gt\/wp-content\/uploads\/2019\/05\/008-300x200.jpg\" alt=\"\" width=\"345\" height=\"230\" srcset=\"https:\/\/gobernacionaltaverapaz.gob.gt\/wp-content\/uploads\/2019\/05\/008-300x200.jpg 300w, https:\/\/gobernacionaltaverapaz.gob.gt\/wp-content\/uploads\/2019\/05\/008-768x512.jpg 768w, https:\/\/gobernacionaltaverapaz.gob.gt\/wp-content\/uploads\/2019\/05\/008.jpg 900w\" sizes=\"(max-width: 345px) 100vw, 345px\" \/> <img decoding=\"async\" loading=\"lazy\" class=\"alignnone wp-image-3687\" src=\"http:\/\/gobernacionaltaverapaz.gob.gt\/wp-content\/uploads\/2019\/05\/009-300x200.jpg\" alt=\"\" width=\"345\" height=\"230\" srcset=\"https:\/\/gobernacionaltaverapaz.gob.gt\/wp-content\/uploads\/2019\/05\/009-300x200.jpg 300w, https:\/\/gobernacionaltaverapaz.gob.gt\/wp-content\/uploads\/2019\/05\/009-768x512.jpg 768w, https:\/\/gobernacionaltaverapaz.gob.gt\/wp-content\/uploads\/2019\/05\/009.jpg 900w\" sizes=\"(max-width: 345px) 100vw, 345px\" \/> <img decoding=\"async\" loading=\"lazy\" class=\"alignnone wp-image-3688\" src=\"http:\/\/gobernacionaltaverapaz.gob.gt\/wp-content\/uploads\/2019\/05\/010-300x200.jpg\" alt=\"\" width=\"345\" height=\"230\" srcset=\"https:\/\/gobernacionaltaverapaz.gob.gt\/wp-content\/uploads\/2019\/05\/010-300x200.jpg 300w, https:\/\/gobernacionaltaverapaz.gob.gt\/wp-content\/uploads\/2019\/05\/010-768x512.jpg 768w, https:\/\/gobernacionaltaverapaz.gob.gt\/wp-content\/uploads\/2019\/05\/010.jpg 900w\" sizes=\"(max-width: 345px) 100vw, 345px\" \/> <img decoding=\"async\" loading=\"lazy\" class=\"alignnone wp-image-3689\" src=\"http:\/\/gobernacionaltaverapaz.gob.gt\/wp-content\/uploads\/2019\/05\/011-300x200.jpg\" alt=\"\" width=\"345\" height=\"230\" srcset=\"https:\/\/gobernacionaltaverapaz.gob.gt\/wp-content\/uploads\/2019\/05\/011-300x200.jpg 300w, https:\/\/gobernacionaltaverapaz.gob.gt\/wp-content\/uploads\/2019\/05\/011-768x512.jpg 768w, https:\/\/gobernacionaltaverapaz.gob.gt\/wp-content\/uploads\/2019\/05\/011.jpg 900w\" sizes=\"(max-width: 345px) 100vw, 345px\" \/> <img decoding=\"async\" loading=\"lazy\" class=\"alignnone wp-image-3690\" src=\"http:\/\/gobernacionaltaverapaz.gob.gt\/wp-content\/uploads\/2019\/05\/012-300x200.jpg\" alt=\"\" width=\"345\" height=\"230\" srcset=\"https:\/\/gobernacionaltaverapaz.gob.gt\/wp-content\/uploads\/2019\/05\/012-300x200.jpg 300w, https:\/\/gobernacionaltaverapaz.gob.gt\/wp-content\/uploads\/2019\/05\/012-768x512.jpg 768w, https:\/\/gobernacionaltaverapaz.gob.gt\/wp-content\/uploads\/2019\/05\/012.jpg 900w\" sizes=\"(max-width: 345px) 100vw, 345px\" \/><\/p>\n<p style=\"text-align: justify;\">Participaron en la mesa principal; Lic. Gustavo Hern\u00e1ndez, Jefe del \u00e1rea Jur\u00eddica de Tr\u00e1nsito PNC; M.A. Ramiro Garc\u00eda Cham\u00e1n, Jefe del Departamento de Transito de la PNC; Lcda. Karla Daniela Thomae, Vice Alcaldesa de Cob\u00e1n; M.A. Erik Nolberto Guerrero Milian, Gobernador Departamental de Alta Verapaz.<\/p>\n<p>&nbsp;<\/p>\n","protected":false},"excerpt":{"rendered":"<p>Promoviendo en todo el territorio nacional la Seguridad Vial como parte del plan mundial para la seguridad vial 2011-2020.<\/p>\n","protected":false},"author":1,"featured_media":3688,"comment_status":"closed","ping_status":"open","sticky":false,"template":"","format":"gallery","meta":[],"categories":[185],"tags":[178],"_links":{"self":[{"href":"https:\/\/gobernacionaltaverapaz.gob.gt\/index.php?rest_route=\/wp\/v2\/posts\/3678"}],"collection":[{"href":"https:\/\/gobernacionaltaverapaz.gob.gt\/index.php?rest_route=\/wp\/v2\/posts"}],"about":[{"href":"https:\/\/gobernacionaltaverapaz.gob.gt\/index.php?rest_route=\/wp\/v2\/types\/post"}],"author":[{"embeddable":true,"href":"https:\/\/gobernacionaltaverapaz.gob.gt\/index.php?rest_route=\/wp\/v2\/users\/1"}],"replies":[{"embeddable":true,"href":"https:\/\/gobernacionaltaverapaz.gob.gt\/index.php?rest_route=%2Fwp%2Fv2%2Fcomments&post=3678"}],"version-history":[{"count":8,"href":"https:\/\/gobernacionaltaverapaz.gob.gt\/index.php?rest_route=\/wp\/v2\/posts\/3678\/revisions"}],"predecessor-version":[{"id":3698,"href":"https:\/\/gobernacionaltaverapaz.gob.gt\/index.php?rest_route=\/wp\/v2\/posts\/3678\/revisions\/3698"}],"wp:featuredmedia":[{"embeddable":true,"href":"https:\/\/gobernacionaltaverapaz.gob.gt\/index.php?rest_route=\/wp\/v2\/media\/3688"}],"wp:attachment":[{"href":"https:\/\/gobernacionaltaverapaz.gob.gt\/index.php?rest_route=%2Fwp%2Fv2%2Fmedia&parent=3678"}],"wp:term":[{"taxonomy":"category","embeddable":true,"href":"https:\/\/gobernacionaltaverapaz.gob.gt\/index.php?rest_route=%2Fwp%2Fv2%2Fcategories&post=3678"},{"taxonomy":"post_tag","embeddable":true,"href":"https:\/\/gobernacionaltaverapaz.gob.gt\/index.php?rest_route=%2Fwp%2Fv2%2Ftags&post=3678"}],"curies":[{"name":"wp","href":"https:\/\/api.w.org\/{rel}","templated":true}]}}