{"id":3716,"date":"2019-05-01T09:07:29","date_gmt":"2019-05-01T15:07:29","guid":{"rendered":"http:\/\/gobernacionaltaverapaz.gob.gt\/?p=3716"},"modified":"2019-05-06T09:09:17","modified_gmt":"2019-05-06T15:09:17","slug":"reunin-por-motivo-de-incendios-forestales","status":"publish","type":"post","link":"https:\/\/gobernacionaltaverapaz.gob.gt\/?p=3716","title":{"rendered":"REUNI\u00d3N EN PANZ\u00d3S POR MOTIVO DE INCENDIOS FORESTALES"},"content":{"rendered":"<p style=\"text-align: justify;\">En Panz\u00f3s se socializ\u00f3 reuni\u00f3n, por el motivo de &#8220;Incendios Forestales&#8221; que se presentan en \u00e1reas del mencionado municipio.<\/p>\n<p style=\"text-align: justify;\">Representantes de esta comuna presentaron detalles de los \u00faltimos hechos surgidos en diferentes puntos y las problem\u00e1ticas obtenidas en las \u00faltimas fechas con vecinos comunitarios, para ello, por parte de las instituciones presentes se tomaron antecedentes y con esto tomar acciones de prevenci\u00f3n y medidas de seguridad en las \u00e1reas ya a<span class=\"textexposedshow\">fectadas.<\/span><\/p>\n<p style=\"text-align: justify;\">Gobernador Departamental, M.A. Erik Guerrero Milian, expreso; &#8220;Lo m\u00e1s importante son las coordinaciones interinstitucionales para lograr de manera conjunta mantenerse informados y tomar las prevenciones necesarias para estas problem\u00e1ticas en los municipios&#8221;.<\/p>\n<p><img decoding=\"async\" loading=\"lazy\" class=\"alignnone wp-image-3717\" src=\"http:\/\/gobernacionaltaverapaz.gob.gt\/wp-content\/uploads\/2019\/05\/001-4-300x200.jpg\" alt=\"\" width=\"345\" height=\"230\" srcset=\"https:\/\/gobernacionaltaverapaz.gob.gt\/wp-content\/uploads\/2019\/05\/001-4-300x200.jpg 300w, https:\/\/gobernacionaltaverapaz.gob.gt\/wp-content\/uploads\/2019\/05\/001-4-768x512.jpg 768w, https:\/\/gobernacionaltaverapaz.gob.gt\/wp-content\/uploads\/2019\/05\/001-4.jpg 900w\" sizes=\"(max-width: 345px) 100vw, 345px\" \/> <img decoding=\"async\" loading=\"lazy\" class=\"alignnone wp-image-3718\" src=\"http:\/\/gobernacionaltaverapaz.gob.gt\/wp-content\/uploads\/2019\/05\/002-3-300x200.jpg\" alt=\"\" width=\"345\" height=\"230\" srcset=\"https:\/\/gobernacionaltaverapaz.gob.gt\/wp-content\/uploads\/2019\/05\/002-3-300x200.jpg 300w, https:\/\/gobernacionaltaverapaz.gob.gt\/wp-content\/uploads\/2019\/05\/002-3-768x512.jpg 768w, https:\/\/gobernacionaltaverapaz.gob.gt\/wp-content\/uploads\/2019\/05\/002-3.jpg 900w\" sizes=\"(max-width: 345px) 100vw, 345px\" \/> <img decoding=\"async\" loading=\"lazy\" class=\"alignnone wp-image-3719\" src=\"http:\/\/gobernacionaltaverapaz.gob.gt\/wp-content\/uploads\/2019\/05\/003-3-300x200.jpg\" alt=\"\" width=\"345\" height=\"230\" srcset=\"https:\/\/gobernacionaltaverapaz.gob.gt\/wp-content\/uploads\/2019\/05\/003-3-300x200.jpg 300w, https:\/\/gobernacionaltaverapaz.gob.gt\/wp-content\/uploads\/2019\/05\/003-3-768x512.jpg 768w, https:\/\/gobernacionaltaverapaz.gob.gt\/wp-content\/uploads\/2019\/05\/003-3.jpg 900w\" sizes=\"(max-width: 345px) 100vw, 345px\" \/> <img decoding=\"async\" loading=\"lazy\" class=\"alignnone wp-image-3720\" src=\"http:\/\/gobernacionaltaverapaz.gob.gt\/wp-content\/uploads\/2019\/05\/004-3-300x200.jpg\" alt=\"\" width=\"345\" height=\"230\" srcset=\"https:\/\/gobernacionaltaverapaz.gob.gt\/wp-content\/uploads\/2019\/05\/004-3-300x200.jpg 300w, https:\/\/gobernacionaltaverapaz.gob.gt\/wp-content\/uploads\/2019\/05\/004-3-768x512.jpg 768w, https:\/\/gobernacionaltaverapaz.gob.gt\/wp-content\/uploads\/2019\/05\/004-3.jpg 900w\" sizes=\"(max-width: 345px) 100vw, 345px\" \/> <img decoding=\"async\" loading=\"lazy\" class=\"alignnone wp-image-3721\" src=\"http:\/\/gobernacionaltaverapaz.gob.gt\/wp-content\/uploads\/2019\/05\/005-3-300x200.jpg\" alt=\"\" width=\"345\" height=\"230\" srcset=\"https:\/\/gobernacionaltaverapaz.gob.gt\/wp-content\/uploads\/2019\/05\/005-3-300x200.jpg 300w, https:\/\/gobernacionaltaverapaz.gob.gt\/wp-content\/uploads\/2019\/05\/005-3-768x512.jpg 768w, https:\/\/gobernacionaltaverapaz.gob.gt\/wp-content\/uploads\/2019\/05\/005-3.jpg 900w\" sizes=\"(max-width: 345px) 100vw, 345px\" \/> <img decoding=\"async\" loading=\"lazy\" class=\"alignnone wp-image-3722\" src=\"http:\/\/gobernacionaltaverapaz.gob.gt\/wp-content\/uploads\/2019\/05\/006-3-300x200.jpg\" alt=\"\" width=\"345\" height=\"230\" srcset=\"https:\/\/gobernacionaltaverapaz.gob.gt\/wp-content\/uploads\/2019\/05\/006-3-300x200.jpg 300w, https:\/\/gobernacionaltaverapaz.gob.gt\/wp-content\/uploads\/2019\/05\/006-3-768x512.jpg 768w, https:\/\/gobernacionaltaverapaz.gob.gt\/wp-content\/uploads\/2019\/05\/006-3.jpg 900w\" sizes=\"(max-width: 345px) 100vw, 345px\" \/> \u00a0 \u00a0 \u00a0 \u00a0\u00a0\u00a0\u00a0\u00a0\u00a0\u00a0\u00a0\u00a0\u00a0\u00a0\u00a0\u00a0\u00a0\u00a0\u00a0\u00a0\u00a0\u00a0\u00a0\u00a0\u00a0\u00a0\u00a0\u00a0\u00a0\u00a0\u00a0\u00a0\u00a0\u00a0\u00a0\u00a0\u00a0 <img decoding=\"async\" loading=\"lazy\" class=\"alignnone wp-image-3723\" src=\"http:\/\/gobernacionaltaverapaz.gob.gt\/wp-content\/uploads\/2019\/05\/007-2-300x200.jpg\" alt=\"\" width=\"345\" height=\"230\" srcset=\"https:\/\/gobernacionaltaverapaz.gob.gt\/wp-content\/uploads\/2019\/05\/007-2-300x200.jpg 300w, https:\/\/gobernacionaltaverapaz.gob.gt\/wp-content\/uploads\/2019\/05\/007-2-768x512.jpg 768w, https:\/\/gobernacionaltaverapaz.gob.gt\/wp-content\/uploads\/2019\/05\/007-2.jpg 900w\" sizes=\"(max-width: 345px) 100vw, 345px\" \/><\/p>\n<p style=\"text-align: justify;\">Presentes; PNC, CONRED, Gobernaci\u00f3n y Municipalidad.<\/p>\n","protected":false},"excerpt":{"rendered":"<p>Por parte de las instituciones presentes se tomaron antecedentes y con esto tomar acciones de prevenci\u00f3n y medidas de seguridad en las \u00e1reas ya afectadas.<\/p>\n","protected":false},"author":1,"featured_media":3722,"comment_status":"closed","ping_status":"open","sticky":false,"template":"","format":"gallery","meta":[],"categories":[6],"tags":[178],"_links":{"self":[{"href":"https:\/\/gobernacionaltaverapaz.gob.gt\/index.php?rest_route=\/wp\/v2\/posts\/3716"}],"collection":[{"href":"https:\/\/gobernacionaltaverapaz.gob.gt\/index.php?rest_route=\/wp\/v2\/posts"}],"about":[{"href":"https:\/\/gobernacionaltaverapaz.gob.gt\/index.php?rest_route=\/wp\/v2\/types\/post"}],"author":[{"embeddable":true,"href":"https:\/\/gobernacionaltaverapaz.gob.gt\/index.php?rest_route=\/wp\/v2\/users\/1"}],"replies":[{"embeddable":true,"href":"https:\/\/gobernacionaltaverapaz.gob.gt\/index.php?rest_route=%2Fwp%2Fv2%2Fcomments&post=3716"}],"version-history":[{"count":8,"href":"https:\/\/gobernacionaltaverapaz.gob.gt\/index.php?rest_route=\/wp\/v2\/posts\/3716\/revisions"}],"predecessor-version":[{"id":3731,"href":"https:\/\/gobernacionaltaverapaz.gob.gt\/index.php?rest_route=\/wp\/v2\/posts\/3716\/revisions\/3731"}],"wp:featuredmedia":[{"embeddable":true,"href":"https:\/\/gobernacionaltaverapaz.gob.gt\/index.php?rest_route=\/wp\/v2\/media\/3722"}],"wp:attachment":[{"href":"https:\/\/gobernacionaltaverapaz.gob.gt\/index.php?rest_route=%2Fwp%2Fv2%2Fmedia&parent=3716"}],"wp:term":[{"taxonomy":"category","embeddable":true,"href":"https:\/\/gobernacionaltaverapaz.gob.gt\/index.php?rest_route=%2Fwp%2Fv2%2Fcategories&post=3716"},{"taxonomy":"post_tag","embeddable":true,"href":"https:\/\/gobernacionaltaverapaz.gob.gt\/index.php?rest_route=%2Fwp%2Fv2%2Ftags&post=3716"}],"curies":[{"name":"wp","href":"https:\/\/api.w.org\/{rel}","templated":true}]}}