{"id":3935,"date":"2019-03-18T12:24:10","date_gmt":"2019-03-18T18:24:10","guid":{"rendered":"http:\/\/gobernacionaltaverapaz.gob.gt\/?p=3935"},"modified":"2019-05-09T15:17:14","modified_gmt":"2019-05-09T21:17:14","slug":"lanzamiento-de-proyecto-adaptacin-de-comunidades-rurales-la-variabilidad-cambio-climtico-para-su-resiliencia-medios-de-vida-en-guatemala","status":"publish","type":"post","link":"https:\/\/gobernacionaltaverapaz.gob.gt\/?p=3935","title":{"rendered":"LANZAMIENTO DE PROYECTO &#8220;ADAPTACI\u00d3N DE COMUNIDADES RURALES A LA VARIABILIDAD Y CAMBIO CLIM\u00c1TICO PARA SU RESILIENCIA Y MEDIOS DE VIDA EN GUATEMALA&#8221;"},"content":{"rendered":"<p style=\"text-align: justify;\">Gobierno de Guatemala y Gobierno de Korea, lanzan el proyecto &#8220;Adaptaci\u00f3n de comunidades rurales a la variabilidad y cambio clim\u00e1tico para mejorar su resiliencia y medios de vida en Guatemala&#8221;.<\/p>\n<p style=\"text-align: justify;\">Proyecto que atender\u00e1 a familias ubicadas en 10 municipios de tres departamentos de el &#8220;Corredor Seco de Guatemala&#8221;, con la asistencia t\u00e9cnica de la Organizaci\u00f3n de las Naciones Unidas para la Alimentaci\u00f3n y la Agricultura -FAO-.<\/p>\n<p style=\"text-align: justify;\">El lanzamiento se realiz\u00f3 en la Federaci\u00f3n de Cooperativas de las Verapaces -FEDECOVERA-; quien re\u00fane a m\u00e1s de 36 cooperativa y 12 asociaciones, con 25,000 personas productores.<\/p>\n<p style=\"text-align: justify;\">En la actividad participaron; Gobernador Departamental, Lic. Erik Nolberto Guerrero Milian; Jorge Delgado, representante de FEDECOVERA; Hong Seok-hwa, Embajador de Korea en Guatemala; Taekkeun Lee, Representante de KOIKA Guatemala; Jorge Rosado, Viceministro MAGA; Carlos Archila, Director Regional INAB; Maynor Estrada, Representante de la FAO.<\/p>\n<div><\/div>\n<p>&nbsp;<\/p>\n<p><a href=\"https:\/\/www.facebook.com\/GobernacionAV\/photos\/pcb.776467409402524\/776458822736716\/?type=3&amp;theater\" target=\"_blank\" rel=\"noopener\"><img decoding=\"async\" loading=\"lazy\" class=\"alignnone wp-image-3872\" title=\"Ver galer\u00eda en Facebook\" src=\"http:\/\/gobernacionaltaverapaz.gob.gt\/wp-content\/uploads\/2019\/05\/boton-galeria_fotos-150x150-300x99.jpg\" alt=\"\" width=\"200\" height=\"66\" \/><\/a><\/p>\n","protected":false},"excerpt":{"rendered":"<p>Proyecto que atender\u00e1 a familias ubicadas en 10 municipios de tres departamentos de el &#8220;Corredor Seco de Guatemala&#8221;, con la asistencia t\u00e9cnica de la Organizaci\u00f3n de las Naciones Unidas para la Alimentaci\u00f3n y la Agricultura -FAO-.<\/p>\n","protected":false},"author":1,"featured_media":3902,"comment_status":"closed","ping_status":"open","sticky":false,"template":"","format":"standard","meta":[],"categories":[191,199],"tags":[],"_links":{"self":[{"href":"https:\/\/gobernacionaltaverapaz.gob.gt\/index.php?rest_route=\/wp\/v2\/posts\/3935"}],"collection":[{"href":"https:\/\/gobernacionaltaverapaz.gob.gt\/index.php?rest_route=\/wp\/v2\/posts"}],"about":[{"href":"https:\/\/gobernacionaltaverapaz.gob.gt\/index.php?rest_route=\/wp\/v2\/types\/post"}],"author":[{"embeddable":true,"href":"https:\/\/gobernacionaltaverapaz.gob.gt\/index.php?rest_route=\/wp\/v2\/users\/1"}],"replies":[{"embeddable":true,"href":"https:\/\/gobernacionaltaverapaz.gob.gt\/index.php?rest_route=%2Fwp%2Fv2%2Fcomments&post=3935"}],"version-history":[{"count":2,"href":"https:\/\/gobernacionaltaverapaz.gob.gt\/index.php?rest_route=\/wp\/v2\/posts\/3935\/revisions"}],"predecessor-version":[{"id":3937,"href":"https:\/\/gobernacionaltaverapaz.gob.gt\/index.php?rest_route=\/wp\/v2\/posts\/3935\/revisions\/3937"}],"wp:featuredmedia":[{"embeddable":true,"href":"https:\/\/gobernacionaltaverapaz.gob.gt\/index.php?rest_route=\/wp\/v2\/media\/3902"}],"wp:attachment":[{"href":"https:\/\/gobernacionaltaverapaz.gob.gt\/index.php?rest_route=%2Fwp%2Fv2%2Fmedia&parent=3935"}],"wp:term":[{"taxonomy":"category","embeddable":true,"href":"https:\/\/gobernacionaltaverapaz.gob.gt\/index.php?rest_route=%2Fwp%2Fv2%2Fcategories&post=3935"},{"taxonomy":"post_tag","embeddable":true,"href":"https:\/\/gobernacionaltaverapaz.gob.gt\/index.php?rest_route=%2Fwp%2Fv2%2Ftags&post=3935"}],"curies":[{"name":"wp","href":"https:\/\/api.w.org\/{rel}","templated":true}]}}