{"id":3941,"date":"2019-03-15T16:01:53","date_gmt":"2019-03-15T22:01:53","guid":{"rendered":"http:\/\/gobernacionaltaverapaz.gob.gt\/?p=3941"},"modified":"2019-05-09T15:32:46","modified_gmt":"2019-05-09T21:32:46","slug":"reunin-para-atender-casos-de-conflictos-agrarios-de-diferentes-comunidades-del-municipio-de-chahal","status":"publish","type":"post","link":"https:\/\/gobernacionaltaverapaz.gob.gt\/?p=3941","title":{"rendered":"REUNI\u00d3N PARA ATENDER CASOS DE CONFLICTOS AGRARIOS DE DIFERENTES COMUNIDADES DEL MUNICIPIO DE CHAHAL"},"content":{"rendered":"<p style=\"text-align: justify;\">En marco de la comisi\u00f3n agraria y socio ambiental del municipio de Chahal, se realiz\u00f3 atenci\u00f3n de varios casos de conflictos agrarios de diferentes comunidades.<\/p>\n<p style=\"text-align: justify;\">Entre las comunidades est\u00e1n; Jolom Chakow \/ Valle Verde, Volcon Samox \/ Sepenz, Sosela Chinayu.<\/p>\n<p style=\"text-align: justify;\">Gobernador Departamental, Lic. Erik Nolberto Guerrero Milian, dijo; &#8220;Estar contento de ver varias comunidades reunidas en beneficio propio y soluci\u00f3n de problemas a los conflictos agrarios de este municipio ya que el di\u00e1logo y coordinaci\u00f3n es la mejor soluci\u00f3n pronta y pac\u00edfica de ello&#8221;<\/p>\n<div><\/div>\n","protected":false},"excerpt":{"rendered":"<p>Entre las comunidades est\u00e1n; Jolom Chakow \/ Valle Verde, Volcon Samox \/ Sepenz, Sosela Chinayu.<\/p>\n","protected":false},"author":1,"featured_media":3918,"comment_status":"closed","ping_status":"open","sticky":false,"template":"","format":"standard","meta":[],"categories":[199,194],"tags":[],"_links":{"self":[{"href":"https:\/\/gobernacionaltaverapaz.gob.gt\/index.php?rest_route=\/wp\/v2\/posts\/3941"}],"collection":[{"href":"https:\/\/gobernacionaltaverapaz.gob.gt\/index.php?rest_route=\/wp\/v2\/posts"}],"about":[{"href":"https:\/\/gobernacionaltaverapaz.gob.gt\/index.php?rest_route=\/wp\/v2\/types\/post"}],"author":[{"embeddable":true,"href":"https:\/\/gobernacionaltaverapaz.gob.gt\/index.php?rest_route=\/wp\/v2\/users\/1"}],"replies":[{"embeddable":true,"href":"https:\/\/gobernacionaltaverapaz.gob.gt\/index.php?rest_route=%2Fwp%2Fv2%2Fcomments&post=3941"}],"version-history":[{"count":1,"href":"https:\/\/gobernacionaltaverapaz.gob.gt\/index.php?rest_route=\/wp\/v2\/posts\/3941\/revisions"}],"predecessor-version":[{"id":3942,"href":"https:\/\/gobernacionaltaverapaz.gob.gt\/index.php?rest_route=\/wp\/v2\/posts\/3941\/revisions\/3942"}],"wp:featuredmedia":[{"embeddable":true,"href":"https:\/\/gobernacionaltaverapaz.gob.gt\/index.php?rest_route=\/wp\/v2\/media\/3918"}],"wp:attachment":[{"href":"https:\/\/gobernacionaltaverapaz.gob.gt\/index.php?rest_route=%2Fwp%2Fv2%2Fmedia&parent=3941"}],"wp:term":[{"taxonomy":"category","embeddable":true,"href":"https:\/\/gobernacionaltaverapaz.gob.gt\/index.php?rest_route=%2Fwp%2Fv2%2Fcategories&post=3941"},{"taxonomy":"post_tag","embeddable":true,"href":"https:\/\/gobernacionaltaverapaz.gob.gt\/index.php?rest_route=%2Fwp%2Fv2%2Ftags&post=3941"}],"curies":[{"name":"wp","href":"https:\/\/api.w.org\/{rel}","templated":true}]}}