{"id":3944,"date":"2019-03-15T08:21:41","date_gmt":"2019-03-15T14:21:41","guid":{"rendered":"http:\/\/gobernacionaltaverapaz.gob.gt\/?p=3944"},"modified":"2019-05-09T15:40:27","modified_gmt":"2019-05-09T21:40:27","slug":"caminata-foro-en-conmemoracin-del-da-internacional-de-la-mujer-en-el-municipio-de-chahal","status":"publish","type":"post","link":"https:\/\/gobernacionaltaverapaz.gob.gt\/?p=3944","title":{"rendered":"CAMINATA Y FORO EN CONMEMORACI\u00d3N DEL D\u00cdA INTERNACIONAL DE LA MUJER EN EL MUNICIPIO DE CHAHAL"},"content":{"rendered":"<p style=\"text-align: justify;\">Se realiz\u00f3 caminata y foro en conmemoraci\u00f3n del &#8220;D\u00eda Internacional de la Mujer&#8221; en ello el se\u00f1or Gobernador, Lic. Erik Nolberto Guerrero Milian, hizo acto de presencia para acompa\u00f1ar a las mujeres de este municipio.<\/p>\n<p style=\"text-align: justify;\">Participaron varias comunidades, alcaldes y alcaldesas de diferentes comunidades, SESAN, Direcci\u00f3n Municipal de la Mujer, Alcalde Municipal, alumnas de diferentes centros educativos y fundaci\u00f3n INCIDE.<\/p>\n<div><\/div>\n<p>&nbsp;<\/p>\n<p><a href=\"https:\/\/www.facebook.com\/GobernacionAV\/photos\/pcb.775657659483499\/775653239483941\/?type=3&amp;theater\" target=\"_blank\" rel=\"noopener\"><img decoding=\"async\" loading=\"lazy\" class=\"alignnone wp-image-3872\" title=\"Ver galer\u00eda en Facebook\" src=\"http:\/\/gobernacionaltaverapaz.gob.gt\/wp-content\/uploads\/2019\/05\/boton-galeria_fotos-150x150-300x99.jpg\" alt=\"\" width=\"200\" height=\"66\" \/><\/a><\/p>\n","protected":false},"excerpt":{"rendered":"<p>Participaron varias comunidades, alcaldes y alcaldesas de diferentes comunidades, SESAN, Direcci\u00f3n Municipal de la Mujer, Alcalde Municipal, alumnas de diferentes centros educativos y fundaci\u00f3n INCIDE.<\/p>\n","protected":false},"author":1,"featured_media":3925,"comment_status":"closed","ping_status":"open","sticky":false,"template":"","format":"standard","meta":[],"categories":[191,199],"tags":[],"_links":{"self":[{"href":"https:\/\/gobernacionaltaverapaz.gob.gt\/index.php?rest_route=\/wp\/v2\/posts\/3944"}],"collection":[{"href":"https:\/\/gobernacionaltaverapaz.gob.gt\/index.php?rest_route=\/wp\/v2\/posts"}],"about":[{"href":"https:\/\/gobernacionaltaverapaz.gob.gt\/index.php?rest_route=\/wp\/v2\/types\/post"}],"author":[{"embeddable":true,"href":"https:\/\/gobernacionaltaverapaz.gob.gt\/index.php?rest_route=\/wp\/v2\/users\/1"}],"replies":[{"embeddable":true,"href":"https:\/\/gobernacionaltaverapaz.gob.gt\/index.php?rest_route=%2Fwp%2Fv2%2Fcomments&post=3944"}],"version-history":[{"count":1,"href":"https:\/\/gobernacionaltaverapaz.gob.gt\/index.php?rest_route=\/wp\/v2\/posts\/3944\/revisions"}],"predecessor-version":[{"id":3945,"href":"https:\/\/gobernacionaltaverapaz.gob.gt\/index.php?rest_route=\/wp\/v2\/posts\/3944\/revisions\/3945"}],"wp:featuredmedia":[{"embeddable":true,"href":"https:\/\/gobernacionaltaverapaz.gob.gt\/index.php?rest_route=\/wp\/v2\/media\/3925"}],"wp:attachment":[{"href":"https:\/\/gobernacionaltaverapaz.gob.gt\/index.php?rest_route=%2Fwp%2Fv2%2Fmedia&parent=3944"}],"wp:term":[{"taxonomy":"category","embeddable":true,"href":"https:\/\/gobernacionaltaverapaz.gob.gt\/index.php?rest_route=%2Fwp%2Fv2%2Fcategories&post=3944"},{"taxonomy":"post_tag","embeddable":true,"href":"https:\/\/gobernacionaltaverapaz.gob.gt\/index.php?rest_route=%2Fwp%2Fv2%2Ftags&post=3944"}],"curies":[{"name":"wp","href":"https:\/\/api.w.org\/{rel}","templated":true}]}}