{"id":3957,"date":"2019-05-09T12:15:38","date_gmt":"2019-05-09T18:15:38","guid":{"rendered":"http:\/\/gobernacionaltaverapaz.gob.gt\/?p=3957"},"modified":"2019-05-13T16:07:35","modified_gmt":"2019-05-13T22:07:35","slug":"presentacin-de-cifras-estadsticas-sobre-la-violencia-en-contra-de-la-mujer-de-alta-verapaz","status":"publish","type":"post","link":"https:\/\/gobernacionaltaverapaz.gob.gt\/?p=3957","title":{"rendered":"PRESENTACI\u00d3N DEL INSTITUTO NACIONAL DE ESTAD\u00cdSTICA GUATEMALA -INE-"},"content":{"rendered":"<p style=\"text-align: justify;\">COB\u00c1N || Se realiz\u00f3 presentaci\u00f3n del Instituto Nacional de Estad\u00edstica Guatemala -INE-, en el Departamento de Alta Verapaz.<\/p>\n<p style=\"text-align: justify;\">Estad\u00edstica del 2018; denuncias de Violencia Intrafamiliar, v\u00edctima de VIF por pertenec\u00eda \u00e9tnica, v\u00edctimas por alfabetismo, denuncias VIF por municipios 2016-2018 y VIF-Alta Verapaz Casos registrados por Instituci\u00f3n 2017-2018.<\/p>\n<p style=\"text-align: justify;\">Con esto producir, analizar y difundir informaci\u00f3n \u00edntegra, confiable, oportuna y transparente de manera automatizada sobre la violencia contra las mujeres, para conocer la situaci\u00f3n, sus causas, consecuencia y orientar la toma de decisiones sobre pol\u00edticas p\u00fablicas de prevenci\u00f3n, atenci\u00f3n, sanci\u00f3n y erradicaci\u00f3n de la violencia contra las mujeres.<\/p>\n<p>&nbsp;<\/p>\n<div><\/div>\n<p>&nbsp;<\/p>\n<p><a href=\"https:\/\/www.facebook.com\/GobernacionAV\/photos\/pcb.806578579724740\/806577339724864\/?type=3&amp;theater\" target=\"_blank\" rel=\"noopener\"><img decoding=\"async\" loading=\"lazy\" class=\"alignnone wp-image-3872\" title=\"Ver galer\u00eda en Facebook\" src=\"http:\/\/gobernacionaltaverapaz.gob.gt\/wp-content\/uploads\/2019\/05\/boton-galeria_fotos-150x150-300x99.jpg\" alt=\"\" width=\"200\" height=\"66\" \/><\/a><\/p>\n","protected":false},"excerpt":{"rendered":"<p>Para conocer la situaci\u00f3n, sus causas, consecuencia y orientar la toma de decisiones sobre pol\u00edticas p\u00fablicas de prevenci\u00f3n, atenci\u00f3n, sanci\u00f3n y erradicaci\u00f3n de la violencia contra las mujeres.<\/p>\n","protected":false},"author":1,"featured_media":3952,"comment_status":"closed","ping_status":"open","sticky":false,"template":"","format":"standard","meta":[],"categories":[191,199],"tags":[178],"_links":{"self":[{"href":"https:\/\/gobernacionaltaverapaz.gob.gt\/index.php?rest_route=\/wp\/v2\/posts\/3957"}],"collection":[{"href":"https:\/\/gobernacionaltaverapaz.gob.gt\/index.php?rest_route=\/wp\/v2\/posts"}],"about":[{"href":"https:\/\/gobernacionaltaverapaz.gob.gt\/index.php?rest_route=\/wp\/v2\/types\/post"}],"author":[{"embeddable":true,"href":"https:\/\/gobernacionaltaverapaz.gob.gt\/index.php?rest_route=\/wp\/v2\/users\/1"}],"replies":[{"embeddable":true,"href":"https:\/\/gobernacionaltaverapaz.gob.gt\/index.php?rest_route=%2Fwp%2Fv2%2Fcomments&post=3957"}],"version-history":[{"count":4,"href":"https:\/\/gobernacionaltaverapaz.gob.gt\/index.php?rest_route=\/wp\/v2\/posts\/3957\/revisions"}],"predecessor-version":[{"id":4299,"href":"https:\/\/gobernacionaltaverapaz.gob.gt\/index.php?rest_route=\/wp\/v2\/posts\/3957\/revisions\/4299"}],"wp:featuredmedia":[{"embeddable":true,"href":"https:\/\/gobernacionaltaverapaz.gob.gt\/index.php?rest_route=\/wp\/v2\/media\/3952"}],"wp:attachment":[{"href":"https:\/\/gobernacionaltaverapaz.gob.gt\/index.php?rest_route=%2Fwp%2Fv2%2Fmedia&parent=3957"}],"wp:term":[{"taxonomy":"category","embeddable":true,"href":"https:\/\/gobernacionaltaverapaz.gob.gt\/index.php?rest_route=%2Fwp%2Fv2%2Fcategories&post=3957"},{"taxonomy":"post_tag","embeddable":true,"href":"https:\/\/gobernacionaltaverapaz.gob.gt\/index.php?rest_route=%2Fwp%2Fv2%2Ftags&post=3957"}],"curies":[{"name":"wp","href":"https:\/\/api.w.org\/{rel}","templated":true}]}}