{"id":3969,"date":"2019-05-10T08:42:49","date_gmt":"2019-05-10T14:42:49","guid":{"rendered":"http:\/\/gobernacionaltaverapaz.gob.gt\/?p=3969"},"modified":"2019-05-10T09:37:27","modified_gmt":"2019-05-10T15:37:27","slug":"capacitacin-polica-nacional-civil-sobre-el-proceso-electoral-2019","status":"publish","type":"post","link":"https:\/\/gobernacionaltaverapaz.gob.gt\/?p=3969","title":{"rendered":"CAPACITACI\u00d3N A POLIC\u00cdA NACIONAL CIVIL SOBRE EL PROCESO ELECTORAL 2019"},"content":{"rendered":"<p style=\"text-align: justify;\">Se realiz\u00f3 capacitaci\u00f3n a Polic\u00eda Nacional Civil del Departamento de Alta Verapaz, sobre el proceso Electoral 2019.<\/p>\n<p style=\"text-align: justify;\">En la misma se conocieron definiciones, ejemplos y sanciones de cada uno de los delitos electorales que la ley estipula, falsedad ideol\u00f3gica con agravaci\u00f3n Electoral, uso de documentos falsificados, turbaci\u00f3n del acto eleccionario, coacci\u00f3n contra elecciones, entre otros.<\/p>\n<p style=\"text-align: justify;\">Para esto se tuvo la participaci\u00f3n de la Junta Electoral Municipal -JEM-, Junta Electoral Departamental -JED- y Polic\u00eda Nacional Civil -PNC-, COPREDEH, Gobernador Departamental, M.A. Erik Nolberto Guerrero Milian, PMT Coban y 6ta. Brigada de Infanter\u00eda.<\/p>\n<div><\/div>\n","protected":false},"excerpt":{"rendered":"<p>Para esto se tuvo la participaci\u00f3n de la Junta Electoral Municipal -JEM-, Junta Electoral Departamental -JED- y Polic\u00eda Nacional Civil -PNC-, COPREDEH, Gobernador Departamental, M.A. Erik Nolberto Guerrero Milian, PMT Coban y 6ta. Brigada de Infanter\u00eda.<\/p>\n","protected":false},"author":1,"featured_media":3960,"comment_status":"closed","ping_status":"open","sticky":false,"template":"","format":"standard","meta":[],"categories":[191,199,197],"tags":[178],"_links":{"self":[{"href":"https:\/\/gobernacionaltaverapaz.gob.gt\/index.php?rest_route=\/wp\/v2\/posts\/3969"}],"collection":[{"href":"https:\/\/gobernacionaltaverapaz.gob.gt\/index.php?rest_route=\/wp\/v2\/posts"}],"about":[{"href":"https:\/\/gobernacionaltaverapaz.gob.gt\/index.php?rest_route=\/wp\/v2\/types\/post"}],"author":[{"embeddable":true,"href":"https:\/\/gobernacionaltaverapaz.gob.gt\/index.php?rest_route=\/wp\/v2\/users\/1"}],"replies":[{"embeddable":true,"href":"https:\/\/gobernacionaltaverapaz.gob.gt\/index.php?rest_route=%2Fwp%2Fv2%2Fcomments&post=3969"}],"version-history":[{"count":1,"href":"https:\/\/gobernacionaltaverapaz.gob.gt\/index.php?rest_route=\/wp\/v2\/posts\/3969\/revisions"}],"predecessor-version":[{"id":3970,"href":"https:\/\/gobernacionaltaverapaz.gob.gt\/index.php?rest_route=\/wp\/v2\/posts\/3969\/revisions\/3970"}],"wp:featuredmedia":[{"embeddable":true,"href":"https:\/\/gobernacionaltaverapaz.gob.gt\/index.php?rest_route=\/wp\/v2\/media\/3960"}],"wp:attachment":[{"href":"https:\/\/gobernacionaltaverapaz.gob.gt\/index.php?rest_route=%2Fwp%2Fv2%2Fmedia&parent=3969"}],"wp:term":[{"taxonomy":"category","embeddable":true,"href":"https:\/\/gobernacionaltaverapaz.gob.gt\/index.php?rest_route=%2Fwp%2Fv2%2Fcategories&post=3969"},{"taxonomy":"post_tag","embeddable":true,"href":"https:\/\/gobernacionaltaverapaz.gob.gt\/index.php?rest_route=%2Fwp%2Fv2%2Ftags&post=3969"}],"curies":[{"name":"wp","href":"https:\/\/api.w.org\/{rel}","templated":true}]}}