{"id":3983,"date":"2019-03-14T16:15:09","date_gmt":"2019-03-14T22:15:09","guid":{"rendered":"http:\/\/gobernacionaltaverapaz.gob.gt\/?p=3983"},"modified":"2019-05-10T09:53:08","modified_gmt":"2019-05-10T15:53:08","slug":"taller-gestin-integral-de-riesgos-para-la-inclusin-de-personas-con-discapacidad","status":"publish","type":"post","link":"https:\/\/gobernacionaltaverapaz.gob.gt\/?p=3983","title":{"rendered":"TALLER &#8220;GESTI\u00d3N INTEGRAL DE RIESGOS&#8221; PARA LA INCLUSI\u00d3N DE PERSONAS CON DISCAPACIDAD"},"content":{"rendered":"<p style=\"text-align: justify;\">Se llev\u00f3 a cabo el taller &#8220;Gesti\u00f3n Integral de Riesgos&#8221; para la inclusi\u00f3n de personas con discapacidad, impartido por -CONRED-.<\/p>\n<p style=\"text-align: justify;\">Esta fue organizada por el Consejo Nacional para la Atenci\u00f3n de las Personas con Discapacidad -CONADI- con delegaci\u00f3n en el municipio de Cob\u00e1n, el cual participaron 35 entidades, del estado, personas con discapacidad y organizaciones NO Gubernamentales.<\/p>\n<div><\/div>\n","protected":false},"excerpt":{"rendered":"<p>Esta fue organizada por el Consejo Nacional para la Atenci\u00f3n de las Personas con Discapacidad -CONADI- con delegaci\u00f3n en el municipio de Cob\u00e1n, el cual participaron 35 entidades, del estado, personas con discapacidad y organizaciones NO Gubernamentales.<\/p>\n","protected":false},"author":1,"featured_media":3972,"comment_status":"closed","ping_status":"open","sticky":false,"template":"","format":"standard","meta":[],"categories":[191,199],"tags":[],"_links":{"self":[{"href":"https:\/\/gobernacionaltaverapaz.gob.gt\/index.php?rest_route=\/wp\/v2\/posts\/3983"}],"collection":[{"href":"https:\/\/gobernacionaltaverapaz.gob.gt\/index.php?rest_route=\/wp\/v2\/posts"}],"about":[{"href":"https:\/\/gobernacionaltaverapaz.gob.gt\/index.php?rest_route=\/wp\/v2\/types\/post"}],"author":[{"embeddable":true,"href":"https:\/\/gobernacionaltaverapaz.gob.gt\/index.php?rest_route=\/wp\/v2\/users\/1"}],"replies":[{"embeddable":true,"href":"https:\/\/gobernacionaltaverapaz.gob.gt\/index.php?rest_route=%2Fwp%2Fv2%2Fcomments&post=3983"}],"version-history":[{"count":2,"href":"https:\/\/gobernacionaltaverapaz.gob.gt\/index.php?rest_route=\/wp\/v2\/posts\/3983\/revisions"}],"predecessor-version":[{"id":3985,"href":"https:\/\/gobernacionaltaverapaz.gob.gt\/index.php?rest_route=\/wp\/v2\/posts\/3983\/revisions\/3985"}],"wp:featuredmedia":[{"embeddable":true,"href":"https:\/\/gobernacionaltaverapaz.gob.gt\/index.php?rest_route=\/wp\/v2\/media\/3972"}],"wp:attachment":[{"href":"https:\/\/gobernacionaltaverapaz.gob.gt\/index.php?rest_route=%2Fwp%2Fv2%2Fmedia&parent=3983"}],"wp:term":[{"taxonomy":"category","embeddable":true,"href":"https:\/\/gobernacionaltaverapaz.gob.gt\/index.php?rest_route=%2Fwp%2Fv2%2Fcategories&post=3983"},{"taxonomy":"post_tag","embeddable":true,"href":"https:\/\/gobernacionaltaverapaz.gob.gt\/index.php?rest_route=%2Fwp%2Fv2%2Ftags&post=3983"}],"curies":[{"name":"wp","href":"https:\/\/api.w.org\/{rel}","templated":true}]}}