{"id":3986,"date":"2019-03-14T10:35:35","date_gmt":"2019-03-14T16:35:35","guid":{"rendered":"http:\/\/gobernacionaltaverapaz.gob.gt\/?p=3986"},"modified":"2019-05-10T10:03:41","modified_gmt":"2019-05-10T16:03:41","slug":"lxvii-67-convencin-nacional-de-clubes-de-leones","status":"publish","type":"post","link":"https:\/\/gobernacionaltaverapaz.gob.gt\/?p=3986","title":{"rendered":"LXVII &#8220;67&#8221; CONVENCI\u00d3N NACIONAL DE CLUBES DE LEONES"},"content":{"rendered":"<p style=\"text-align: justify;\">En un hotel de este municipio se llev\u00f3 a cabo el &#8220;LXVII Convenci\u00f3n Nacional Clubes de Leones&#8221; Guatemala, Distrito D-3.<\/p>\n<p style=\"text-align: justify;\">En el evento el se\u00f1or Gobernador Departamental, Lic. Erik Nolberto Guerrero Milian, resalt\u00f3; el trabajo humanitario que realiza esta asociaci\u00f3n en el departamento y el beneficio de la poblaci\u00f3n en general y por ello declar\u00f3 al se\u00f1or Carlos Valencia, como hu\u00e9sped distinguido del departamento por su esfuerzo, gesti\u00f3n y liderazgo.<\/p>\n<div><\/div>\n<p>&nbsp;<\/p>\n<p><a href=\"https:\/\/www.facebook.com\/GobernacionAV\/photos\/pcb.775199062862692\/775187042863894\/?type=3&amp;theater\" target=\"_blank\" rel=\"noopener\"><img decoding=\"async\" loading=\"lazy\" class=\"alignnone wp-image-3872\" title=\"Ver galer\u00eda en Facebook\" src=\"http:\/\/gobernacionaltaverapaz.gob.gt\/wp-content\/uploads\/2019\/05\/boton-galeria_fotos-150x150-300x99.jpg\" alt=\"\" width=\"200\" height=\"66\" \/><\/a><\/p>\n<p>&nbsp;<\/p>\n","protected":false},"excerpt":{"rendered":"<p>En el evento el se\u00f1or Gobernador resalt\u00f3; el trabajo humanitario que realiza esta asociaci\u00f3n en el departamento y el beneficio de la poblaci\u00f3n en general y por ello declar\u00f3 al se\u00f1or Carlos Valencia, como hu\u00e9sped distinguido del departamento por su esfuerzo, gesti\u00f3n y liderazgo.<\/p>\n","protected":false},"author":1,"featured_media":3978,"comment_status":"closed","ping_status":"open","sticky":false,"template":"","format":"standard","meta":[],"categories":[183,199],"tags":[],"_links":{"self":[{"href":"https:\/\/gobernacionaltaverapaz.gob.gt\/index.php?rest_route=\/wp\/v2\/posts\/3986"}],"collection":[{"href":"https:\/\/gobernacionaltaverapaz.gob.gt\/index.php?rest_route=\/wp\/v2\/posts"}],"about":[{"href":"https:\/\/gobernacionaltaverapaz.gob.gt\/index.php?rest_route=\/wp\/v2\/types\/post"}],"author":[{"embeddable":true,"href":"https:\/\/gobernacionaltaverapaz.gob.gt\/index.php?rest_route=\/wp\/v2\/users\/1"}],"replies":[{"embeddable":true,"href":"https:\/\/gobernacionaltaverapaz.gob.gt\/index.php?rest_route=%2Fwp%2Fv2%2Fcomments&post=3986"}],"version-history":[{"count":1,"href":"https:\/\/gobernacionaltaverapaz.gob.gt\/index.php?rest_route=\/wp\/v2\/posts\/3986\/revisions"}],"predecessor-version":[{"id":3987,"href":"https:\/\/gobernacionaltaverapaz.gob.gt\/index.php?rest_route=\/wp\/v2\/posts\/3986\/revisions\/3987"}],"wp:featuredmedia":[{"embeddable":true,"href":"https:\/\/gobernacionaltaverapaz.gob.gt\/index.php?rest_route=\/wp\/v2\/media\/3978"}],"wp:attachment":[{"href":"https:\/\/gobernacionaltaverapaz.gob.gt\/index.php?rest_route=%2Fwp%2Fv2%2Fmedia&parent=3986"}],"wp:term":[{"taxonomy":"category","embeddable":true,"href":"https:\/\/gobernacionaltaverapaz.gob.gt\/index.php?rest_route=%2Fwp%2Fv2%2Fcategories&post=3986"},{"taxonomy":"post_tag","embeddable":true,"href":"https:\/\/gobernacionaltaverapaz.gob.gt\/index.php?rest_route=%2Fwp%2Fv2%2Ftags&post=3986"}],"curies":[{"name":"wp","href":"https:\/\/api.w.org\/{rel}","templated":true}]}}