{"id":4059,"date":"2019-03-12T16:51:00","date_gmt":"2019-03-12T22:51:00","guid":{"rendered":"http:\/\/gobernacionaltaverapaz.gob.gt\/?p=4059"},"modified":"2019-05-10T12:45:03","modified_gmt":"2019-05-10T18:45:03","slug":"conmemoracin-del-da-internacional-de-la-mujer-coordinado-por-casa-de-la-cultura-gobernacin","status":"publish","type":"post","link":"https:\/\/gobernacionaltaverapaz.gob.gt\/?p=4059","title":{"rendered":"CONMEMORACI\u00d3N DEL &#8220;D\u00cdA INTERNACIONAL DE LA MUJER&#8221; COORDINADO POR CASA DE LA CULTURA Y GOBERNACI\u00d3N"},"content":{"rendered":"<p style=\"text-align: justify;\">En las instalaciones del palacio de Gobernaci\u00f3n se realiz\u00f3 conmemoraci\u00f3n &#8220;D\u00eda Internacional de la Mujer&#8221;, el cual fue coordinado por; Casa de la Cultura y Gobernaci\u00f3n de Alta Verapaz.<\/p>\n<p style=\"text-align: justify;\">En la misma se les entreg\u00f3 reconocimiento a 6 mujeres de este departamento, ellas fueron; Carmen Cacao, Victoria B\u00e1, Maria Macz, Cecilia Veliz, Silvia Pop y Sofia Poj.<\/p>\n<p style=\"text-align: justify;\">Estuvieron presentes; Gobernaci\u00f3n, Muni Cob\u00e1n, CONJUVE, Casa de la Cultura y ONG MI TIERRA.<\/p>\n<div><\/div>\n","protected":false},"excerpt":{"rendered":"<p>En la misma se les entreg\u00f3 reconocimiento a 6 mujeres de este departamento, ellas fueron; Carmen Cacao, Victoria B\u00e1, Maria Macz, Cecilia Veliz, Silvia Pop y Sofia Poj.<\/p>\n","protected":false},"author":1,"featured_media":3994,"comment_status":"closed","ping_status":"open","sticky":false,"template":"","format":"standard","meta":[],"categories":[183,199],"tags":[],"_links":{"self":[{"href":"https:\/\/gobernacionaltaverapaz.gob.gt\/index.php?rest_route=\/wp\/v2\/posts\/4059"}],"collection":[{"href":"https:\/\/gobernacionaltaverapaz.gob.gt\/index.php?rest_route=\/wp\/v2\/posts"}],"about":[{"href":"https:\/\/gobernacionaltaverapaz.gob.gt\/index.php?rest_route=\/wp\/v2\/types\/post"}],"author":[{"embeddable":true,"href":"https:\/\/gobernacionaltaverapaz.gob.gt\/index.php?rest_route=\/wp\/v2\/users\/1"}],"replies":[{"embeddable":true,"href":"https:\/\/gobernacionaltaverapaz.gob.gt\/index.php?rest_route=%2Fwp%2Fv2%2Fcomments&post=4059"}],"version-history":[{"count":1,"href":"https:\/\/gobernacionaltaverapaz.gob.gt\/index.php?rest_route=\/wp\/v2\/posts\/4059\/revisions"}],"predecessor-version":[{"id":4060,"href":"https:\/\/gobernacionaltaverapaz.gob.gt\/index.php?rest_route=\/wp\/v2\/posts\/4059\/revisions\/4060"}],"wp:featuredmedia":[{"embeddable":true,"href":"https:\/\/gobernacionaltaverapaz.gob.gt\/index.php?rest_route=\/wp\/v2\/media\/3994"}],"wp:attachment":[{"href":"https:\/\/gobernacionaltaverapaz.gob.gt\/index.php?rest_route=%2Fwp%2Fv2%2Fmedia&parent=4059"}],"wp:term":[{"taxonomy":"category","embeddable":true,"href":"https:\/\/gobernacionaltaverapaz.gob.gt\/index.php?rest_route=%2Fwp%2Fv2%2Fcategories&post=4059"},{"taxonomy":"post_tag","embeddable":true,"href":"https:\/\/gobernacionaltaverapaz.gob.gt\/index.php?rest_route=%2Fwp%2Fv2%2Ftags&post=4059"}],"curies":[{"name":"wp","href":"https:\/\/api.w.org\/{rel}","templated":true}]}}