{"id":4063,"date":"2019-03-11T14:54:55","date_gmt":"2019-03-11T20:54:55","guid":{"rendered":"http:\/\/gobernacionaltaverapaz.gob.gt\/?p=4063"},"modified":"2019-05-10T13:01:33","modified_gmt":"2019-05-10T19:01:33","slug":"feria-gastronmica-en-el-municipio-de-san-pedro-carch","status":"publish","type":"post","link":"https:\/\/gobernacionaltaverapaz.gob.gt\/?p=4063","title":{"rendered":"FERIA GASTRON\u00d3MICA EN EL MUNICIPIO DE SAN PEDRO CARCH\u00c1"},"content":{"rendered":"<p style=\"text-align: justify;\">En el municipio de San Pedro Carch\u00e1 se realiz\u00f3 feria gastron\u00f3mica, en el cual varias mujeres presentaron varios platillos t\u00edpicos de la regi\u00f3n.<\/p>\n<p style=\"text-align: justify;\">El se\u00f1or Gobernador, Lic. Erik Nolberto Guerrero Milian, realiz\u00f3 un recorrido para visualizar y degustar de la variedad gastron\u00f3mica que presentaron.<\/p>\n<p style=\"text-align: justify;\">Todo ello con el fin de conmemorar el &#8220;D\u00eda Internacional de la Mujer&#8221;.<\/p>\n<p>&nbsp;<\/p>\n<div><\/div>\n","protected":false},"excerpt":{"rendered":"<p>Todo ello con el fin de conmemorar el &#8220;D\u00eda Internacional de la Mujer&#8221;.<\/p>\n","protected":false},"author":1,"featured_media":4009,"comment_status":"closed","ping_status":"open","sticky":false,"template":"","format":"standard","meta":[],"categories":[183,199],"tags":[],"_links":{"self":[{"href":"https:\/\/gobernacionaltaverapaz.gob.gt\/index.php?rest_route=\/wp\/v2\/posts\/4063"}],"collection":[{"href":"https:\/\/gobernacionaltaverapaz.gob.gt\/index.php?rest_route=\/wp\/v2\/posts"}],"about":[{"href":"https:\/\/gobernacionaltaverapaz.gob.gt\/index.php?rest_route=\/wp\/v2\/types\/post"}],"author":[{"embeddable":true,"href":"https:\/\/gobernacionaltaverapaz.gob.gt\/index.php?rest_route=\/wp\/v2\/users\/1"}],"replies":[{"embeddable":true,"href":"https:\/\/gobernacionaltaverapaz.gob.gt\/index.php?rest_route=%2Fwp%2Fv2%2Fcomments&post=4063"}],"version-history":[{"count":1,"href":"https:\/\/gobernacionaltaverapaz.gob.gt\/index.php?rest_route=\/wp\/v2\/posts\/4063\/revisions"}],"predecessor-version":[{"id":4064,"href":"https:\/\/gobernacionaltaverapaz.gob.gt\/index.php?rest_route=\/wp\/v2\/posts\/4063\/revisions\/4064"}],"wp:featuredmedia":[{"embeddable":true,"href":"https:\/\/gobernacionaltaverapaz.gob.gt\/index.php?rest_route=\/wp\/v2\/media\/4009"}],"wp:attachment":[{"href":"https:\/\/gobernacionaltaverapaz.gob.gt\/index.php?rest_route=%2Fwp%2Fv2%2Fmedia&parent=4063"}],"wp:term":[{"taxonomy":"category","embeddable":true,"href":"https:\/\/gobernacionaltaverapaz.gob.gt\/index.php?rest_route=%2Fwp%2Fv2%2Fcategories&post=4063"},{"taxonomy":"post_tag","embeddable":true,"href":"https:\/\/gobernacionaltaverapaz.gob.gt\/index.php?rest_route=%2Fwp%2Fv2%2Ftags&post=4063"}],"curies":[{"name":"wp","href":"https:\/\/api.w.org\/{rel}","templated":true}]}}