{"id":4065,"date":"2019-03-11T08:16:26","date_gmt":"2019-03-11T14:16:26","guid":{"rendered":"http:\/\/gobernacionaltaverapaz.gob.gt\/?p=4065"},"modified":"2019-05-10T14:39:10","modified_gmt":"2019-05-10T20:39:10","slug":"conmemoracin-del-da-internacional-de-la-mujer-en-el-municipio-de-cobn","status":"publish","type":"post","link":"https:\/\/gobernacionaltaverapaz.gob.gt\/?p=4065","title":{"rendered":"CONMEMORACI\u00d3N DEL &#8220;D\u00cdA INTERNACIONAL DE LA MUJER&#8221; EN EL MUNICIPIO DE COB\u00c1N"},"content":{"rendered":"<p style=\"text-align: justify;\">En el municipio de Cob\u00e1n se realiz\u00f3 conmemoraci\u00f3n del &#8220;D\u00eda Internacional de la Mujer&#8221; el cual se realiza cada 8 de Marzo.<\/p>\n<p style=\"text-align: justify;\">Gobernaci\u00f3n Departamental a trav\u00e9s del se\u00f1or Gobernador, Lic. Erik Nolberto Guerrero Milian, entreg\u00f3 18 reconocimientos a mujeres que han aportado desarrollo al Departamento de Alta Verapaz, mismas que las acredita como &#8220;Ciudadanas Distinguidas&#8221; del Departamento.<\/p>\n<p style=\"text-align: justify;\">En dicha actividad se brind\u00f3 conferencia motivacional denominada &#8220;Mujer Promotora&#8221;.<\/p>\n<div><\/div>\n<p>&nbsp;<\/p>\n<p><a href=\"https:\/\/www.facebook.com\/GobernacionAV\/photos\/pcb.773588883023710\/773578656358066\/?type=3&amp;theater\" target=\"_blank\" rel=\"noopener\"><img decoding=\"async\" loading=\"lazy\" class=\"alignnone wp-image-3872\" title=\"Ver galer\u00eda en Facebook\" src=\"http:\/\/gobernacionaltaverapaz.gob.gt\/wp-content\/uploads\/2019\/05\/boton-galeria_fotos-150x150-300x99.jpg\" alt=\"\" width=\"200\" height=\"66\" \/><\/a><\/p>\n","protected":false},"excerpt":{"rendered":"<p>Se entregaron 18 reconocimientos a mujeres que han aportado desarrollo al Departamento de Alta Verapaz, mismas que las acredita como &#8220;Ciudadanas Distinguidas&#8221; del Departamento.<\/p>\n","protected":false},"author":1,"featured_media":4016,"comment_status":"closed","ping_status":"open","sticky":false,"template":"","format":"standard","meta":[],"categories":[183,199],"tags":[],"_links":{"self":[{"href":"https:\/\/gobernacionaltaverapaz.gob.gt\/index.php?rest_route=\/wp\/v2\/posts\/4065"}],"collection":[{"href":"https:\/\/gobernacionaltaverapaz.gob.gt\/index.php?rest_route=\/wp\/v2\/posts"}],"about":[{"href":"https:\/\/gobernacionaltaverapaz.gob.gt\/index.php?rest_route=\/wp\/v2\/types\/post"}],"author":[{"embeddable":true,"href":"https:\/\/gobernacionaltaverapaz.gob.gt\/index.php?rest_route=\/wp\/v2\/users\/1"}],"replies":[{"embeddable":true,"href":"https:\/\/gobernacionaltaverapaz.gob.gt\/index.php?rest_route=%2Fwp%2Fv2%2Fcomments&post=4065"}],"version-history":[{"count":1,"href":"https:\/\/gobernacionaltaverapaz.gob.gt\/index.php?rest_route=\/wp\/v2\/posts\/4065\/revisions"}],"predecessor-version":[{"id":4066,"href":"https:\/\/gobernacionaltaverapaz.gob.gt\/index.php?rest_route=\/wp\/v2\/posts\/4065\/revisions\/4066"}],"wp:featuredmedia":[{"embeddable":true,"href":"https:\/\/gobernacionaltaverapaz.gob.gt\/index.php?rest_route=\/wp\/v2\/media\/4016"}],"wp:attachment":[{"href":"https:\/\/gobernacionaltaverapaz.gob.gt\/index.php?rest_route=%2Fwp%2Fv2%2Fmedia&parent=4065"}],"wp:term":[{"taxonomy":"category","embeddable":true,"href":"https:\/\/gobernacionaltaverapaz.gob.gt\/index.php?rest_route=%2Fwp%2Fv2%2Fcategories&post=4065"},{"taxonomy":"post_tag","embeddable":true,"href":"https:\/\/gobernacionaltaverapaz.gob.gt\/index.php?rest_route=%2Fwp%2Fv2%2Ftags&post=4065"}],"curies":[{"name":"wp","href":"https:\/\/api.w.org\/{rel}","templated":true}]}}