{"id":4076,"date":"2019-03-06T08:15:35","date_gmt":"2019-03-06T14:15:35","guid":{"rendered":"http:\/\/gobernacionaltaverapaz.gob.gt\/?p=4076"},"modified":"2019-05-10T15:09:39","modified_gmt":"2019-05-10T21:09:39","slug":"entrega-de-la-poltica-de-atencin-la-conflictividad-versin-qeqchi","status":"publish","type":"post","link":"https:\/\/gobernacionaltaverapaz.gob.gt\/?p=4076","title":{"rendered":"ENTREGA DE LA &#8220;POL\u00cdTICA DE ATENCI\u00d3N A LA CONFLICTIVIDAD (VERSI\u00d3N Q\u00b4EQCHI\u00b4)"},"content":{"rendered":"<p style=\"text-align: justify;\">En el Sal\u00f3n Las Am\u00e9ricas del Palacio de Gobernaci\u00f3n, se realiz\u00f3 la entrega de la &#8220;Pol\u00edtica de Atenci\u00f3n a la Conflictividad (versi\u00f3n Q\u00b4eqchi\u00b4).<\/p>\n<p style=\"text-align: justify;\">En la misma se di\u00f3 por inaugurada la &#8220;Oficina de la Unidad de Atenci\u00f3n a Conflictos&#8221; de Gobernaci\u00f3n Departamental, esta oficina contar\u00e1 con equipo de c\u00f3mputo para el Sistema \u00danico de Informaci\u00f3n sobre Conflictividad -SUI-, el cual fue entregado al Se\u00f1or Gobernador Departamental.<\/p>\n<p style=\"text-align: justify;\">Estuvieron presentes; Lic. Erik Guerrero Milian, Gobernador Departamental, Licda. Annekathrin Link, FOSIT, Licda. Yesica Ligorria, SAA y representantes de instituciones de gobierno de Alta Verapaz.<\/p>\n<div><\/div>\n<p>&nbsp;<\/p>\n<p><a href=\"https:\/\/www.facebook.com\/GobernacionAV\/photos\/pcb.770664583316140\/770657659983499\/?type=3&amp;theater\" target=\"_blank\" rel=\"noopener\"><img decoding=\"async\" loading=\"lazy\" class=\"alignnone wp-image-3872\" title=\"Ver galer\u00eda en Facebook\" src=\"http:\/\/gobernacionaltaverapaz.gob.gt\/wp-content\/uploads\/2019\/05\/boton-galeria_fotos-150x150-300x99.jpg\" alt=\"\" width=\"200\" height=\"66\" \/><\/a><\/p>\n","protected":false},"excerpt":{"rendered":"<p>En la misma se di\u00f3 por inaugurada la &#8220;Oficina de la Unidad de Atenci\u00f3n a Conflictos&#8221; de Gobernaci\u00f3n Departamental, esta oficina contar\u00e1 con equipo de c\u00f3mputo para el Sistema \u00danico de Informaci\u00f3n sobre Conflictividad -SUI-, el cual fue entregado al Se\u00f1or Gobernador Departamental.<\/p>\n","protected":false},"author":1,"featured_media":4039,"comment_status":"closed","ping_status":"open","sticky":false,"template":"","format":"standard","meta":[],"categories":[191,199],"tags":[],"_links":{"self":[{"href":"https:\/\/gobernacionaltaverapaz.gob.gt\/index.php?rest_route=\/wp\/v2\/posts\/4076"}],"collection":[{"href":"https:\/\/gobernacionaltaverapaz.gob.gt\/index.php?rest_route=\/wp\/v2\/posts"}],"about":[{"href":"https:\/\/gobernacionaltaverapaz.gob.gt\/index.php?rest_route=\/wp\/v2\/types\/post"}],"author":[{"embeddable":true,"href":"https:\/\/gobernacionaltaverapaz.gob.gt\/index.php?rest_route=\/wp\/v2\/users\/1"}],"replies":[{"embeddable":true,"href":"https:\/\/gobernacionaltaverapaz.gob.gt\/index.php?rest_route=%2Fwp%2Fv2%2Fcomments&post=4076"}],"version-history":[{"count":2,"href":"https:\/\/gobernacionaltaverapaz.gob.gt\/index.php?rest_route=\/wp\/v2\/posts\/4076\/revisions"}],"predecessor-version":[{"id":4078,"href":"https:\/\/gobernacionaltaverapaz.gob.gt\/index.php?rest_route=\/wp\/v2\/posts\/4076\/revisions\/4078"}],"wp:featuredmedia":[{"embeddable":true,"href":"https:\/\/gobernacionaltaverapaz.gob.gt\/index.php?rest_route=\/wp\/v2\/media\/4039"}],"wp:attachment":[{"href":"https:\/\/gobernacionaltaverapaz.gob.gt\/index.php?rest_route=%2Fwp%2Fv2%2Fmedia&parent=4076"}],"wp:term":[{"taxonomy":"category","embeddable":true,"href":"https:\/\/gobernacionaltaverapaz.gob.gt\/index.php?rest_route=%2Fwp%2Fv2%2Fcategories&post=4076"},{"taxonomy":"post_tag","embeddable":true,"href":"https:\/\/gobernacionaltaverapaz.gob.gt\/index.php?rest_route=%2Fwp%2Fv2%2Ftags&post=4076"}],"curies":[{"name":"wp","href":"https:\/\/api.w.org\/{rel}","templated":true}]}}