{"id":4079,"date":"2019-03-04T18:20:03","date_gmt":"2019-03-05T00:20:03","guid":{"rendered":"http:\/\/gobernacionaltaverapaz.gob.gt\/?p=4079"},"modified":"2019-05-10T15:16:44","modified_gmt":"2019-05-10T21:16:44","slug":"firma-de-convenio-para-el-uso-del-espacio-fsico-del-museo-municipal","status":"publish","type":"post","link":"https:\/\/gobernacionaltaverapaz.gob.gt\/?p=4079","title":{"rendered":"FIRMA DE CONVENIO PARA EL USO DEL ESPACIO F\u00cdSICO DEL MUSEO MUNICIPAL"},"content":{"rendered":"<p style=\"text-align: justify;\">En el despacho del se\u00f1or Gobernador Departamental, Lic. Erik Guerrero, se realiz\u00f3 la firma de Convenio de Pr\u00e9stamo para el uso del espacio f\u00edsico, en el cual se ubica el Museo Municipal, el mismo ser\u00e1 compartido con el Comit\u00e9 de Turismo de Alta Verapaz.<\/p>\n<p style=\"text-align: justify;\">El dicho convenio se firma por el tiempo de 2 a\u00f1os.<\/p>\n<p style=\"text-align: justify;\">Estuvieron presentes; Alcalde Municipal de Cob\u00e1n; Julio Diego Iv\u00e1n Fern\u00e1ndez, presidente del comit\u00e9 de turismo de Alta Verapaz; Gobernador Departamental.<\/p>\n<div><\/div>\n","protected":false},"excerpt":{"rendered":"<p>Dicho convenio se firma por el tiempo de 2 a\u00f1os.<\/p>\n","protected":false},"author":1,"featured_media":4044,"comment_status":"closed","ping_status":"open","sticky":false,"template":"","format":"standard","meta":[],"categories":[191,199],"tags":[],"_links":{"self":[{"href":"https:\/\/gobernacionaltaverapaz.gob.gt\/index.php?rest_route=\/wp\/v2\/posts\/4079"}],"collection":[{"href":"https:\/\/gobernacionaltaverapaz.gob.gt\/index.php?rest_route=\/wp\/v2\/posts"}],"about":[{"href":"https:\/\/gobernacionaltaverapaz.gob.gt\/index.php?rest_route=\/wp\/v2\/types\/post"}],"author":[{"embeddable":true,"href":"https:\/\/gobernacionaltaverapaz.gob.gt\/index.php?rest_route=\/wp\/v2\/users\/1"}],"replies":[{"embeddable":true,"href":"https:\/\/gobernacionaltaverapaz.gob.gt\/index.php?rest_route=%2Fwp%2Fv2%2Fcomments&post=4079"}],"version-history":[{"count":1,"href":"https:\/\/gobernacionaltaverapaz.gob.gt\/index.php?rest_route=\/wp\/v2\/posts\/4079\/revisions"}],"predecessor-version":[{"id":4080,"href":"https:\/\/gobernacionaltaverapaz.gob.gt\/index.php?rest_route=\/wp\/v2\/posts\/4079\/revisions\/4080"}],"wp:featuredmedia":[{"embeddable":true,"href":"https:\/\/gobernacionaltaverapaz.gob.gt\/index.php?rest_route=\/wp\/v2\/media\/4044"}],"wp:attachment":[{"href":"https:\/\/gobernacionaltaverapaz.gob.gt\/index.php?rest_route=%2Fwp%2Fv2%2Fmedia&parent=4079"}],"wp:term":[{"taxonomy":"category","embeddable":true,"href":"https:\/\/gobernacionaltaverapaz.gob.gt\/index.php?rest_route=%2Fwp%2Fv2%2Fcategories&post=4079"},{"taxonomy":"post_tag","embeddable":true,"href":"https:\/\/gobernacionaltaverapaz.gob.gt\/index.php?rest_route=%2Fwp%2Fv2%2Ftags&post=4079"}],"curies":[{"name":"wp","href":"https:\/\/api.w.org\/{rel}","templated":true}]}}