{"id":4081,"date":"2019-03-04T14:03:57","date_gmt":"2019-03-04T20:03:57","guid":{"rendered":"http:\/\/gobernacionaltaverapaz.gob.gt\/?p=4081"},"modified":"2019-05-10T15:24:50","modified_gmt":"2019-05-10T21:24:50","slug":"acto-de-conmemoracin-por-el-22-aniversario-de-instituto-nacional-de-bosques-inab","status":"publish","type":"post","link":"https:\/\/gobernacionaltaverapaz.gob.gt\/?p=4081","title":{"rendered":"ACTO DE CONMEMORACI\u00d3N POR EL 22 ANIVERSARIO DEL INSTITUTO NACIONAL DE BOSQUES -INAB-"},"content":{"rendered":"<p style=\"text-align: justify;\">La regi\u00f3n II del Instituto Nacional de Bosques -INAB- realiz\u00f3 acto de conmemoraci\u00f3n, 22 aniversario a nivel nacional.<\/p>\n<p style=\"text-align: justify;\">En las instalaciones de esta delegaci\u00f3n se present\u00f3 el se\u00f1or Gobernador Departamental, Lic. Erik Guerrero, donde se realizaron actos protocolarios para festejar esta fecha tan emotiva.<\/p>\n<p style=\"text-align: justify;\">La regi\u00f3n II, tiene 7 sub-regiones y la regi\u00f3n Cob\u00e1n, la cual cuenta con un personal de aproximadamente 118 y cubre el \u00e1rea de Baja Verapaz, Alta Verapaz e Ixc\u00e1n del Quich\u00e9.<\/p>\n<div><\/div>\n","protected":false},"excerpt":{"rendered":"<p>La regi\u00f3n II, tiene 7 sub-regiones y la regi\u00f3n Cob\u00e1n, la cual cuenta con un personal de aproximadamente 118 y cubre el \u00e1rea de Baja Verapaz, Alta Verapaz e Ixc\u00e1n del Quich\u00e9.<\/p>\n","protected":false},"author":1,"featured_media":4053,"comment_status":"closed","ping_status":"open","sticky":false,"template":"","format":"standard","meta":[],"categories":[183,199],"tags":[],"_links":{"self":[{"href":"https:\/\/gobernacionaltaverapaz.gob.gt\/index.php?rest_route=\/wp\/v2\/posts\/4081"}],"collection":[{"href":"https:\/\/gobernacionaltaverapaz.gob.gt\/index.php?rest_route=\/wp\/v2\/posts"}],"about":[{"href":"https:\/\/gobernacionaltaverapaz.gob.gt\/index.php?rest_route=\/wp\/v2\/types\/post"}],"author":[{"embeddable":true,"href":"https:\/\/gobernacionaltaverapaz.gob.gt\/index.php?rest_route=\/wp\/v2\/users\/1"}],"replies":[{"embeddable":true,"href":"https:\/\/gobernacionaltaverapaz.gob.gt\/index.php?rest_route=%2Fwp%2Fv2%2Fcomments&post=4081"}],"version-history":[{"count":2,"href":"https:\/\/gobernacionaltaverapaz.gob.gt\/index.php?rest_route=\/wp\/v2\/posts\/4081\/revisions"}],"predecessor-version":[{"id":4083,"href":"https:\/\/gobernacionaltaverapaz.gob.gt\/index.php?rest_route=\/wp\/v2\/posts\/4081\/revisions\/4083"}],"wp:featuredmedia":[{"embeddable":true,"href":"https:\/\/gobernacionaltaverapaz.gob.gt\/index.php?rest_route=\/wp\/v2\/media\/4053"}],"wp:attachment":[{"href":"https:\/\/gobernacionaltaverapaz.gob.gt\/index.php?rest_route=%2Fwp%2Fv2%2Fmedia&parent=4081"}],"wp:term":[{"taxonomy":"category","embeddable":true,"href":"https:\/\/gobernacionaltaverapaz.gob.gt\/index.php?rest_route=%2Fwp%2Fv2%2Fcategories&post=4081"},{"taxonomy":"post_tag","embeddable":true,"href":"https:\/\/gobernacionaltaverapaz.gob.gt\/index.php?rest_route=%2Fwp%2Fv2%2Ftags&post=4081"}],"curies":[{"name":"wp","href":"https:\/\/api.w.org\/{rel}","templated":true}]}}