{"id":4103,"date":"2019-03-04T08:01:53","date_gmt":"2019-03-04T14:01:53","guid":{"rendered":"http:\/\/gobernacionaltaverapaz.gob.gt\/?p=4103"},"modified":"2019-05-10T16:22:58","modified_gmt":"2019-05-10T22:22:58","slug":"problemtica-por-requisitos-para-uso-de-buses-escolares-en-jurisdiccin-de-santa-cruz-verapaz","status":"publish","type":"post","link":"https:\/\/gobernacionaltaverapaz.gob.gt\/?p=4103","title":{"rendered":"PROBLEM\u00c1TICA POR REQUISITOS PARA USO DE BUSES ESCOLARES EN JURISDICCI\u00d3N DE SANTA CRUZ VERAPAZ"},"content":{"rendered":"<p style=\"text-align: justify;\">En jurisdicci\u00f3n de &#8220;Las Cuevas de Chitul&#8221; del municipio de Santa Cruz Verapaz el d\u00eda jueves 28 de febrero del a\u00f1o en curso, el Departamento de Tr\u00e1nsito de la Polic\u00eda Nacional Civil, de la ciudad capital, realiz\u00f3 operativo, inspeccionando a 4 buses de transporte escolar.<\/p>\n<p style=\"text-align: justify;\">El se\u00f1or Gobernador Departamental, coordin\u00f3 una mesa de di\u00e1logo para mediar sobre dicho caso.<\/p>\n<p style=\"text-align: justify;\">Dentro de los acuerdos obtenidos: Informe por parte de la DT-PNC, mesa t\u00e9cnica de trabajo para revisi\u00f3n de requisitos a los due\u00f1os de buses escolares, entre otros.<\/p>\n<div><\/div>\n<p>&nbsp;<\/p>\n<p><a href=\"https:\/\/www.facebook.com\/GobernacionAV\/photos\/pcb.768529106863021\/768491680200097\/?type=3&amp;theater\" target=\"_blank\" rel=\"noopener\"><img decoding=\"async\" loading=\"lazy\" class=\"alignnone wp-image-3872\" title=\"Ver galer\u00eda en Facebook\" src=\"http:\/\/gobernacionaltaverapaz.gob.gt\/wp-content\/uploads\/2019\/05\/boton-galeria_fotos-150x150-300x99.jpg\" alt=\"\" width=\"200\" height=\"66\" \/><\/a><\/p>\n","protected":false},"excerpt":{"rendered":"<p>El se\u00f1or Gobernador Departamental, coordin\u00f3 una mesa de di\u00e1logo para mediar sobre dicho caso.<\/p>\n","protected":false},"author":1,"featured_media":4088,"comment_status":"closed","ping_status":"open","sticky":false,"template":"","format":"standard","meta":[],"categories":[199,185],"tags":[],"_links":{"self":[{"href":"https:\/\/gobernacionaltaverapaz.gob.gt\/index.php?rest_route=\/wp\/v2\/posts\/4103"}],"collection":[{"href":"https:\/\/gobernacionaltaverapaz.gob.gt\/index.php?rest_route=\/wp\/v2\/posts"}],"about":[{"href":"https:\/\/gobernacionaltaverapaz.gob.gt\/index.php?rest_route=\/wp\/v2\/types\/post"}],"author":[{"embeddable":true,"href":"https:\/\/gobernacionaltaverapaz.gob.gt\/index.php?rest_route=\/wp\/v2\/users\/1"}],"replies":[{"embeddable":true,"href":"https:\/\/gobernacionaltaverapaz.gob.gt\/index.php?rest_route=%2Fwp%2Fv2%2Fcomments&post=4103"}],"version-history":[{"count":1,"href":"https:\/\/gobernacionaltaverapaz.gob.gt\/index.php?rest_route=\/wp\/v2\/posts\/4103\/revisions"}],"predecessor-version":[{"id":4104,"href":"https:\/\/gobernacionaltaverapaz.gob.gt\/index.php?rest_route=\/wp\/v2\/posts\/4103\/revisions\/4104"}],"wp:featuredmedia":[{"embeddable":true,"href":"https:\/\/gobernacionaltaverapaz.gob.gt\/index.php?rest_route=\/wp\/v2\/media\/4088"}],"wp:attachment":[{"href":"https:\/\/gobernacionaltaverapaz.gob.gt\/index.php?rest_route=%2Fwp%2Fv2%2Fmedia&parent=4103"}],"wp:term":[{"taxonomy":"category","embeddable":true,"href":"https:\/\/gobernacionaltaverapaz.gob.gt\/index.php?rest_route=%2Fwp%2Fv2%2Fcategories&post=4103"},{"taxonomy":"post_tag","embeddable":true,"href":"https:\/\/gobernacionaltaverapaz.gob.gt\/index.php?rest_route=%2Fwp%2Fv2%2Ftags&post=4103"}],"curies":[{"name":"wp","href":"https:\/\/api.w.org\/{rel}","templated":true}]}}