{"id":4105,"date":"2019-05-10T16:13:08","date_gmt":"2019-05-10T22:13:08","guid":{"rendered":"http:\/\/gobernacionaltaverapaz.gob.gt\/?p=4105"},"modified":"2019-06-05T12:19:17","modified_gmt":"2019-06-05T18:19:17","slug":"reunin-ordinaria-de-la-red-departamental-contra-la-violencia-sexual-explotacin-trata-de-personas-red-vet-2","status":"publish","type":"post","link":"https:\/\/gobernacionaltaverapaz.gob.gt\/?p=4105","title":{"rendered":"REUNI\u00d3N ORDINARIA DE LA RED DEPARTAMENTAL CONTRA LA VIOLENCIA SEXUAL, EXPLOTACI\u00d3N Y TRATA DE PERSONAS -RED VET-"},"content":{"rendered":"<p style=\"text-align: justify;\">Se realiz\u00f3 reuni\u00f3n ordinaria de la Red Departamental Contra la Violencia Sexual, Explotaci\u00f3n y Trata de Personas -RED VET- Departamento de Alta Verapaz.<\/p>\n<p style=\"text-align: justify;\">En la que se dio a conocer la; Presentaci\u00f3n del Plan de Trabajo de la RED VET de Alta Verapaz, del a\u00f1o 2019, elaboraci\u00f3n y exposici\u00f3n de cronograma por ejes de trabajo de acuerdo a las acciones priorizadas, presentaci\u00f3n de la subcomisi\u00f3n de persecuci\u00f3n y sanci\u00f3n.<\/p>\n<p style=\"text-align: justify;\">Estuvieron presentes, instituciones gubernamentales y no gubernamentales.<\/p>\n<div><\/div>\n","protected":false},"excerpt":{"rendered":"<p>En la que se dio a conocer la; Presentaci\u00f3n del Plan de Trabajo de la RED VET de Alta Verapaz, del a\u00f1o 2019, elaboraci\u00f3n y exposici\u00f3n de cronograma por ejes de trabajo de acuerdo a las acciones priorizadas, presentaci\u00f3n de la subcomisi\u00f3n de persecuci\u00f3n y sanci\u00f3n.<\/p>\n","protected":false},"author":1,"featured_media":4107,"comment_status":"closed","ping_status":"open","sticky":false,"template":"","format":"gallery","meta":[],"categories":[191,199],"tags":[178],"_links":{"self":[{"href":"https:\/\/gobernacionaltaverapaz.gob.gt\/index.php?rest_route=\/wp\/v2\/posts\/4105"}],"collection":[{"href":"https:\/\/gobernacionaltaverapaz.gob.gt\/index.php?rest_route=\/wp\/v2\/posts"}],"about":[{"href":"https:\/\/gobernacionaltaverapaz.gob.gt\/index.php?rest_route=\/wp\/v2\/types\/post"}],"author":[{"embeddable":true,"href":"https:\/\/gobernacionaltaverapaz.gob.gt\/index.php?rest_route=\/wp\/v2\/users\/1"}],"replies":[{"embeddable":true,"href":"https:\/\/gobernacionaltaverapaz.gob.gt\/index.php?rest_route=%2Fwp%2Fv2%2Fcomments&post=4105"}],"version-history":[{"count":2,"href":"https:\/\/gobernacionaltaverapaz.gob.gt\/index.php?rest_route=\/wp\/v2\/posts\/4105\/revisions"}],"predecessor-version":[{"id":4118,"href":"https:\/\/gobernacionaltaverapaz.gob.gt\/index.php?rest_route=\/wp\/v2\/posts\/4105\/revisions\/4118"}],"wp:featuredmedia":[{"embeddable":true,"href":"https:\/\/gobernacionaltaverapaz.gob.gt\/index.php?rest_route=\/wp\/v2\/media\/4107"}],"wp:attachment":[{"href":"https:\/\/gobernacionaltaverapaz.gob.gt\/index.php?rest_route=%2Fwp%2Fv2%2Fmedia&parent=4105"}],"wp:term":[{"taxonomy":"category","embeddable":true,"href":"https:\/\/gobernacionaltaverapaz.gob.gt\/index.php?rest_route=%2Fwp%2Fv2%2Fcategories&post=4105"},{"taxonomy":"post_tag","embeddable":true,"href":"https:\/\/gobernacionaltaverapaz.gob.gt\/index.php?rest_route=%2Fwp%2Fv2%2Ftags&post=4105"}],"curies":[{"name":"wp","href":"https:\/\/api.w.org\/{rel}","templated":true}]}}