{"id":4130,"date":"2019-05-10T18:33:23","date_gmt":"2019-05-11T00:33:23","guid":{"rendered":"http:\/\/gobernacionaltaverapaz.gob.gt\/?p=4130"},"modified":"2019-06-05T12:18:51","modified_gmt":"2019-06-05T18:18:51","slug":"celebracin-del-da-de-la-madre-en-el-municipio-de-cobn","status":"publish","type":"post","link":"https:\/\/gobernacionaltaverapaz.gob.gt\/?p=4130","title":{"rendered":"CELEBRACI\u00d3N DEL D\u00cdA DE LA MADRE EN EL MUNICIPIO DE COB\u00c1N"},"content":{"rendered":"<p style=\"text-align: justify;\">Dentro del Centro de Atenci\u00f3n Integral, de la Secretaria de Bienestar Social, -CAI- de la cabecera departamental, en coordinaci\u00f3n con Reservas Militares de este municipio, agasajaron a la madres en celebraci\u00f3n del d\u00eda de la madre.<\/p>\n<p style=\"text-align: justify;\">Se entregaron regalos, actividades y conferencia, en las que las madres que asistieron convivieron y se sintieron satisfechas de la celebraci\u00f3n de este d\u00eda muy especial para ellas.<\/p>\n<p style=\"text-align: justify;\">En la actividad se tuvo la participaci\u00f3n de la Magistrada Dra. Yenni Noemi Alvarado Teni, de la 6ta. Corte de Apelaci\u00f3n, Cob\u00e1n, M.A. Erik Nolberto Guerrero Milian, Gobernador Departamental, Coronel de Infanter\u00eda DEM. Sergio Maaz Pop, Comandante de Reservas Militares de Alta Verapaz, Coronel de Infanter\u00eda DEM. Erick Espinoza, Comandate de Batallon 6ta. Brigada, Docentes del Centro de Atenci\u00f3n Integral y Madres de familia.<\/p>\n<div><\/div>\n","protected":false},"excerpt":{"rendered":"<p>Dentro del Centro de Atenci\u00f3n Integral, de la Secretaria de Bienestar Social, -CAI- de la cabecera departamental, en coordinaci\u00f3n con Reservas Militares de este municipio.<\/p>\n","protected":false},"author":1,"featured_media":4121,"comment_status":"closed","ping_status":"open","sticky":false,"template":"","format":"gallery","meta":[],"categories":[183,199],"tags":[178],"_links":{"self":[{"href":"https:\/\/gobernacionaltaverapaz.gob.gt\/index.php?rest_route=\/wp\/v2\/posts\/4130"}],"collection":[{"href":"https:\/\/gobernacionaltaverapaz.gob.gt\/index.php?rest_route=\/wp\/v2\/posts"}],"about":[{"href":"https:\/\/gobernacionaltaverapaz.gob.gt\/index.php?rest_route=\/wp\/v2\/types\/post"}],"author":[{"embeddable":true,"href":"https:\/\/gobernacionaltaverapaz.gob.gt\/index.php?rest_route=\/wp\/v2\/users\/1"}],"replies":[{"embeddable":true,"href":"https:\/\/gobernacionaltaverapaz.gob.gt\/index.php?rest_route=%2Fwp%2Fv2%2Fcomments&post=4130"}],"version-history":[{"count":2,"href":"https:\/\/gobernacionaltaverapaz.gob.gt\/index.php?rest_route=\/wp\/v2\/posts\/4130\/revisions"}],"predecessor-version":[{"id":4132,"href":"https:\/\/gobernacionaltaverapaz.gob.gt\/index.php?rest_route=\/wp\/v2\/posts\/4130\/revisions\/4132"}],"wp:featuredmedia":[{"embeddable":true,"href":"https:\/\/gobernacionaltaverapaz.gob.gt\/index.php?rest_route=\/wp\/v2\/media\/4121"}],"wp:attachment":[{"href":"https:\/\/gobernacionaltaverapaz.gob.gt\/index.php?rest_route=%2Fwp%2Fv2%2Fmedia&parent=4130"}],"wp:term":[{"taxonomy":"category","embeddable":true,"href":"https:\/\/gobernacionaltaverapaz.gob.gt\/index.php?rest_route=%2Fwp%2Fv2%2Fcategories&post=4130"},{"taxonomy":"post_tag","embeddable":true,"href":"https:\/\/gobernacionaltaverapaz.gob.gt\/index.php?rest_route=%2Fwp%2Fv2%2Ftags&post=4130"}],"curies":[{"name":"wp","href":"https:\/\/api.w.org\/{rel}","templated":true}]}}