{"id":4135,"date":"2019-03-01T08:30:14","date_gmt":"2019-03-01T14:30:14","guid":{"rendered":"http:\/\/gobernacionaltaverapaz.gob.gt\/?p=4135"},"modified":"2019-05-13T09:39:40","modified_gmt":"2019-05-13T15:39:40","slug":"supervisin-de-obra-en-el-municipio-de-senah","status":"publish","type":"post","link":"https:\/\/gobernacionaltaverapaz.gob.gt\/?p=4135","title":{"rendered":"SUPERVISI\u00d3N DE OBRA EN EL MUNICIPIO DE SENAH\u00da"},"content":{"rendered":"<p style=\"text-align: justify;\">En este municipio el se\u00f1or Gobernador Departamental, Lic. Erik Nolberto Guerrero Milian, realiz\u00f3 supervisi\u00f3n de obra con aporte del Consejo Departamental de Desarrollo.<\/p>\n<p style=\"text-align: justify;\">El proyecto de construcci\u00f3n de la Escuela Primaria de la Cooperativa Semarac Centro, contar\u00e1 con: 4 aulas, m\u00f3dulo de letrinas, lavaderos y mobiliario.<\/p>\n<div><\/div>\n<p>&nbsp;<\/p>\n<p><a href=\"https:\/\/www.facebook.com\/GobernacionAV\/photos\/pcb.767932286922703\/767924990256766\/?type=3&amp;theater\" target=\"_blank\" rel=\"noopener\"><img decoding=\"async\" loading=\"lazy\" class=\"alignnone wp-image-3872\" title=\"Ver galer\u00eda en Facebook\" src=\"http:\/\/gobernacionaltaverapaz.gob.gt\/wp-content\/uploads\/2019\/05\/boton-galeria_fotos-150x150-300x99.jpg\" alt=\"\" width=\"200\" height=\"66\" \/><\/a><\/p>\n","protected":false},"excerpt":{"rendered":"<p>El proyecto de construcci\u00f3n de la Escuela Primaria de la Cooperativa Semarac Centro, contar\u00e1 con: 4 aulas, m\u00f3dulo de letrinas, lavaderos y mobiliario.<\/p>\n","protected":false},"author":1,"featured_media":4098,"comment_status":"closed","ping_status":"open","sticky":false,"template":"","format":"standard","meta":[],"categories":[195,199],"tags":[],"_links":{"self":[{"href":"https:\/\/gobernacionaltaverapaz.gob.gt\/index.php?rest_route=\/wp\/v2\/posts\/4135"}],"collection":[{"href":"https:\/\/gobernacionaltaverapaz.gob.gt\/index.php?rest_route=\/wp\/v2\/posts"}],"about":[{"href":"https:\/\/gobernacionaltaverapaz.gob.gt\/index.php?rest_route=\/wp\/v2\/types\/post"}],"author":[{"embeddable":true,"href":"https:\/\/gobernacionaltaverapaz.gob.gt\/index.php?rest_route=\/wp\/v2\/users\/1"}],"replies":[{"embeddable":true,"href":"https:\/\/gobernacionaltaverapaz.gob.gt\/index.php?rest_route=%2Fwp%2Fv2%2Fcomments&post=4135"}],"version-history":[{"count":1,"href":"https:\/\/gobernacionaltaverapaz.gob.gt\/index.php?rest_route=\/wp\/v2\/posts\/4135\/revisions"}],"predecessor-version":[{"id":4136,"href":"https:\/\/gobernacionaltaverapaz.gob.gt\/index.php?rest_route=\/wp\/v2\/posts\/4135\/revisions\/4136"}],"wp:featuredmedia":[{"embeddable":true,"href":"https:\/\/gobernacionaltaverapaz.gob.gt\/index.php?rest_route=\/wp\/v2\/media\/4098"}],"wp:attachment":[{"href":"https:\/\/gobernacionaltaverapaz.gob.gt\/index.php?rest_route=%2Fwp%2Fv2%2Fmedia&parent=4135"}],"wp:term":[{"taxonomy":"category","embeddable":true,"href":"https:\/\/gobernacionaltaverapaz.gob.gt\/index.php?rest_route=%2Fwp%2Fv2%2Fcategories&post=4135"},{"taxonomy":"post_tag","embeddable":true,"href":"https:\/\/gobernacionaltaverapaz.gob.gt\/index.php?rest_route=%2Fwp%2Fv2%2Ftags&post=4135"}],"curies":[{"name":"wp","href":"https:\/\/api.w.org\/{rel}","templated":true}]}}