{"id":4180,"date":"2019-02-26T10:03:53","date_gmt":"2019-02-26T16:03:53","guid":{"rendered":"http:\/\/gobernacionaltaverapaz.gob.gt\/?p=4180"},"modified":"2019-05-13T10:29:31","modified_gmt":"2019-05-13T16:29:31","slug":"juramentacin-atleta-yolanda-canahui-caal","status":"publish","type":"post","link":"https:\/\/gobernacionaltaverapaz.gob.gt\/?p=4180","title":{"rendered":"JURAMENTACI\u00d3N A ATLETA YOLANDA CANAHUI CAAL"},"content":{"rendered":"<p style=\"text-align: justify;\">En las instalaciones de Gobernaci\u00f3n Departamental, se realiz\u00f3 la juramentaci\u00f3n a la atleta con discapacidad, Yolanda Canahui Caal.<\/p>\n<p style=\"text-align: justify;\">Quien representar\u00e1 a Alta Verapaz en los Juegos Mundiales de Verano Abu Dhabi en los Emiratos \u00c1rabes Unidos.<\/p>\n<p style=\"text-align: justify;\">En la actividad estuvieron presentes; Lic. Erik Guerrero, Gobernador Departamental; Olimpiadas Especiales Guatemala; EDECRI; Ministerio de Cultura y Deportes; Amigos de la Marimba de Cob\u00e1n.<\/p>\n<div><\/div>\n<p>&nbsp;<\/p>\n<p><a href=\"https:\/\/www.facebook.com\/GobernacionAV\/photos\/pcb.766648000384465\/766640680385197\/?type=3&amp;theater\" target=\"_blank\" rel=\"noopener\"><img decoding=\"async\" loading=\"lazy\" class=\"alignnone wp-image-3872\" title=\"Ver galer\u00eda en Facebook\" src=\"http:\/\/gobernacionaltaverapaz.gob.gt\/wp-content\/uploads\/2019\/05\/boton-galeria_fotos-150x150-300x99.jpg\" alt=\"\" width=\"200\" height=\"66\" \/><\/a><\/p>\n","protected":false},"excerpt":{"rendered":"<p>Quien representar\u00e1 a Alta Verapaz en los Juegos Mundiales de Verano Abu Dhabi en los Emiratos \u00c1rabes Unidos.<\/p>\n","protected":false},"author":1,"featured_media":4149,"comment_status":"closed","ping_status":"open","sticky":false,"template":"","format":"standard","meta":[],"categories":[183,199,177],"tags":[],"_links":{"self":[{"href":"https:\/\/gobernacionaltaverapaz.gob.gt\/index.php?rest_route=\/wp\/v2\/posts\/4180"}],"collection":[{"href":"https:\/\/gobernacionaltaverapaz.gob.gt\/index.php?rest_route=\/wp\/v2\/posts"}],"about":[{"href":"https:\/\/gobernacionaltaverapaz.gob.gt\/index.php?rest_route=\/wp\/v2\/types\/post"}],"author":[{"embeddable":true,"href":"https:\/\/gobernacionaltaverapaz.gob.gt\/index.php?rest_route=\/wp\/v2\/users\/1"}],"replies":[{"embeddable":true,"href":"https:\/\/gobernacionaltaverapaz.gob.gt\/index.php?rest_route=%2Fwp%2Fv2%2Fcomments&post=4180"}],"version-history":[{"count":1,"href":"https:\/\/gobernacionaltaverapaz.gob.gt\/index.php?rest_route=\/wp\/v2\/posts\/4180\/revisions"}],"predecessor-version":[{"id":4181,"href":"https:\/\/gobernacionaltaverapaz.gob.gt\/index.php?rest_route=\/wp\/v2\/posts\/4180\/revisions\/4181"}],"wp:featuredmedia":[{"embeddable":true,"href":"https:\/\/gobernacionaltaverapaz.gob.gt\/index.php?rest_route=\/wp\/v2\/media\/4149"}],"wp:attachment":[{"href":"https:\/\/gobernacionaltaverapaz.gob.gt\/index.php?rest_route=%2Fwp%2Fv2%2Fmedia&parent=4180"}],"wp:term":[{"taxonomy":"category","embeddable":true,"href":"https:\/\/gobernacionaltaverapaz.gob.gt\/index.php?rest_route=%2Fwp%2Fv2%2Fcategories&post=4180"},{"taxonomy":"post_tag","embeddable":true,"href":"https:\/\/gobernacionaltaverapaz.gob.gt\/index.php?rest_route=%2Fwp%2Fv2%2Ftags&post=4180"}],"curies":[{"name":"wp","href":"https:\/\/api.w.org\/{rel}","templated":true}]}}