{"id":4185,"date":"2019-02-22T16:29:31","date_gmt":"2019-02-22T22:29:31","guid":{"rendered":"http:\/\/gobernacionaltaverapaz.gob.gt\/?p=4185"},"modified":"2019-05-13T11:35:20","modified_gmt":"2019-05-13T17:35:20","slug":"reunin-extraordinaria-del-consejo-departamental-de-desarrollocodedeav","status":"publish","type":"post","link":"https:\/\/gobernacionaltaverapaz.gob.gt\/?p=4185","title":{"rendered":"REUNI\u00d3N EXTRAORDINARIA DEL CONSEJO DEPARTAMENTAL DE DESARROLLO-CODEDE_AV-"},"content":{"rendered":"<p style=\"text-align: justify;\">Se realiz\u00f3 reuni\u00f3n extraordinaria de Consejo Departamental de Desarrollo -CODEDE_AV-, en el palacio de Gobernaci\u00f3n Departamental.<\/p>\n<p style=\"text-align: justify;\">Los puntos de agenda tratados fueron; Participaci\u00f3n representantes Sector No Gubernamental; Informe de avances f\u00edsicos y financieros; Programa Acompa\u00f1ame a Crecer; Participaci\u00f3n COVIAL; Informe de indicadores y acciones para contrarrestar la Desnutrici\u00f3n Cr\u00f3nica; Informe e impacto PRODENORTE en Alta Verapaz; Incendios Forestales; Derogatoria Reglamento Interno del CODEDE; Normativa para el Registro de peque\u00f1os productores; Participaci\u00f3n de CONALFA; Participaci\u00f3n Universidad Rural.<\/p>\n<div><\/div>\n<p>&nbsp;<\/p>\n<p><a href=\"https:\/\/www.facebook.com\/GobernacionAV\/photos\/pcb.764592043923394\/764570873925511\/?type=3&amp;theater\" target=\"_blank\" rel=\"noopener\"><img decoding=\"async\" loading=\"lazy\" class=\"alignnone wp-image-3872\" title=\"Ver galer\u00eda en Facebook\" src=\"http:\/\/gobernacionaltaverapaz.gob.gt\/wp-content\/uploads\/2019\/05\/boton-galeria_fotos-150x150-300x99.jpg\" alt=\"\" width=\"200\" height=\"66\" \/><\/a><\/p>\n<p>&nbsp;<\/p>\n","protected":false},"excerpt":{"rendered":"<p>Los puntos de agenda tratados fueron; Participaci\u00f3n representantes Sector No Gubernamental; Informe de avances f\u00edsicos y financieros; Programa Acompa\u00f1ame a Crecer; Participaci\u00f3n COVIAL; Informe de indicadores y acciones para contrarrestar la Desnutrici\u00f3n Cr\u00f3nica; Informe e impacto PRODENORTE en Alta Verapaz; Incendios Forestales; Derogatoria Reglamento Interno del CODEDE; Normativa para el Registro de peque\u00f1os productores; Participaci\u00f3n de CONALFA; Participaci\u00f3n Universidad Rural.<\/p>\n","protected":false},"author":1,"featured_media":4162,"comment_status":"closed","ping_status":"open","sticky":false,"template":"","format":"standard","meta":[],"categories":[191,199],"tags":[],"_links":{"self":[{"href":"https:\/\/gobernacionaltaverapaz.gob.gt\/index.php?rest_route=\/wp\/v2\/posts\/4185"}],"collection":[{"href":"https:\/\/gobernacionaltaverapaz.gob.gt\/index.php?rest_route=\/wp\/v2\/posts"}],"about":[{"href":"https:\/\/gobernacionaltaverapaz.gob.gt\/index.php?rest_route=\/wp\/v2\/types\/post"}],"author":[{"embeddable":true,"href":"https:\/\/gobernacionaltaverapaz.gob.gt\/index.php?rest_route=\/wp\/v2\/users\/1"}],"replies":[{"embeddable":true,"href":"https:\/\/gobernacionaltaverapaz.gob.gt\/index.php?rest_route=%2Fwp%2Fv2%2Fcomments&post=4185"}],"version-history":[{"count":1,"href":"https:\/\/gobernacionaltaverapaz.gob.gt\/index.php?rest_route=\/wp\/v2\/posts\/4185\/revisions"}],"predecessor-version":[{"id":4186,"href":"https:\/\/gobernacionaltaverapaz.gob.gt\/index.php?rest_route=\/wp\/v2\/posts\/4185\/revisions\/4186"}],"wp:featuredmedia":[{"embeddable":true,"href":"https:\/\/gobernacionaltaverapaz.gob.gt\/index.php?rest_route=\/wp\/v2\/media\/4162"}],"wp:attachment":[{"href":"https:\/\/gobernacionaltaverapaz.gob.gt\/index.php?rest_route=%2Fwp%2Fv2%2Fmedia&parent=4185"}],"wp:term":[{"taxonomy":"category","embeddable":true,"href":"https:\/\/gobernacionaltaverapaz.gob.gt\/index.php?rest_route=%2Fwp%2Fv2%2Fcategories&post=4185"},{"taxonomy":"post_tag","embeddable":true,"href":"https:\/\/gobernacionaltaverapaz.gob.gt\/index.php?rest_route=%2Fwp%2Fv2%2Ftags&post=4185"}],"curies":[{"name":"wp","href":"https:\/\/api.w.org\/{rel}","templated":true}]}}