{"id":4187,"date":"2019-02-22T12:02:44","date_gmt":"2019-02-22T18:02:44","guid":{"rendered":"http:\/\/gobernacionaltaverapaz.gob.gt\/?p=4187"},"modified":"2019-05-13T11:41:00","modified_gmt":"2019-05-13T17:41:00","slug":"reunin-de-la-comisin-departamental-pblica-ciudadana","status":"publish","type":"post","link":"https:\/\/gobernacionaltaverapaz.gob.gt\/?p=4187","title":{"rendered":"REUNI\u00d3N DE LA COMISI\u00d3N DEPARTAMENTAL P\u00daBLICA Y CIUDADANA"},"content":{"rendered":"<p style=\"text-align: justify;\">En el sal\u00f3n de sesiones del palacio de Gobernaci\u00f3n Departamental, se llev\u00f3 a cabo reuni\u00f3n de la Comisi\u00f3n Departamental P\u00fablica y Ciudadana.<\/p>\n<p style=\"text-align: justify;\">El objetivo de la reuni\u00f3n fue para brindar, seguimiento a los planes de prevenci\u00f3n y control en los diferentes municipios del departamento, as\u00ed mismo fortalecer la coordinaci\u00f3n con las diferentes instituciones, como: MP, PNC, DEIC, Ej\u00e9rcito 6ta. Brigada, PMT, SIE, DIPANDA, COPREDEH y Gobernaci\u00f3n Departamental.<\/p>\n<div><\/div>\n","protected":false},"excerpt":{"rendered":"<p>El objetivo de la reuni\u00f3n fue para brindar, seguimiento a los planes de prevenci\u00f3n y control en los diferentes municipios del departamento, as\u00ed mismo fortalecer la coordinaci\u00f3n con las diferentes instituciones, como: MP, PNC, DEIC, Ej\u00e9rcito 6ta. Brigada, PMT, SIE, DIPANDA, COPREDEH y Gobernaci\u00f3n Departamental.<\/p>\n","protected":false},"author":1,"featured_media":4167,"comment_status":"closed","ping_status":"open","sticky":false,"template":"","format":"standard","meta":[],"categories":[191,199],"tags":[],"_links":{"self":[{"href":"https:\/\/gobernacionaltaverapaz.gob.gt\/index.php?rest_route=\/wp\/v2\/posts\/4187"}],"collection":[{"href":"https:\/\/gobernacionaltaverapaz.gob.gt\/index.php?rest_route=\/wp\/v2\/posts"}],"about":[{"href":"https:\/\/gobernacionaltaverapaz.gob.gt\/index.php?rest_route=\/wp\/v2\/types\/post"}],"author":[{"embeddable":true,"href":"https:\/\/gobernacionaltaverapaz.gob.gt\/index.php?rest_route=\/wp\/v2\/users\/1"}],"replies":[{"embeddable":true,"href":"https:\/\/gobernacionaltaverapaz.gob.gt\/index.php?rest_route=%2Fwp%2Fv2%2Fcomments&post=4187"}],"version-history":[{"count":1,"href":"https:\/\/gobernacionaltaverapaz.gob.gt\/index.php?rest_route=\/wp\/v2\/posts\/4187\/revisions"}],"predecessor-version":[{"id":4188,"href":"https:\/\/gobernacionaltaverapaz.gob.gt\/index.php?rest_route=\/wp\/v2\/posts\/4187\/revisions\/4188"}],"wp:featuredmedia":[{"embeddable":true,"href":"https:\/\/gobernacionaltaverapaz.gob.gt\/index.php?rest_route=\/wp\/v2\/media\/4167"}],"wp:attachment":[{"href":"https:\/\/gobernacionaltaverapaz.gob.gt\/index.php?rest_route=%2Fwp%2Fv2%2Fmedia&parent=4187"}],"wp:term":[{"taxonomy":"category","embeddable":true,"href":"https:\/\/gobernacionaltaverapaz.gob.gt\/index.php?rest_route=%2Fwp%2Fv2%2Fcategories&post=4187"},{"taxonomy":"post_tag","embeddable":true,"href":"https:\/\/gobernacionaltaverapaz.gob.gt\/index.php?rest_route=%2Fwp%2Fv2%2Ftags&post=4187"}],"curies":[{"name":"wp","href":"https:\/\/api.w.org\/{rel}","templated":true}]}}