{"id":4260,"date":"2019-02-20T08:43:28","date_gmt":"2019-02-20T14:43:28","guid":{"rendered":"http:\/\/gobernacionaltaverapaz.gob.gt\/?p=4260"},"modified":"2019-05-13T14:40:16","modified_gmt":"2019-05-13T20:40:16","slug":"xi-11-aniversario-de-la-fundacin-tulasalud","status":"publish","type":"post","link":"https:\/\/gobernacionaltaverapaz.gob.gt\/?p=4260","title":{"rendered":"XI &#8220;11&#8221; ANIVERSARIO DE LA FUNDACI\u00d3N TULASALUD"},"content":{"rendered":"<p style=\"text-align: justify;\">El se\u00f1or Gobernador Departamental, Lic. Erik Guerrero, particip\u00f3 en el &#8220;Aniversario XI de la Fundaci\u00f3n TulaSalud&#8221; en Alta Verapaz.<\/p>\n<p style=\"text-align: justify;\">Con el fin de reconocer la ardua labor que realiza dicha instituci\u00f3n en el departamento, reconoci\u00f3 como; &#8220;Ciudadana Distinguida de Alta Verapaz&#8221; a la Licda. Isabel Cristina Lobos Medina, Representante en Alta Verapaz TulaSalud; As\u00ed mismo declarar como &#8220;Hu\u00e9sped Distinguido&#8221;, al se\u00f1or Erik Peterson, Representante legal de TulaSalud.<\/p>\n<div><\/div>\n","protected":false},"excerpt":{"rendered":"<p>Con el fin de reconocer la ardua labor que realiza dicha instituci\u00f3n en el departamento, reconoci\u00f3 como; &#8220;Ciudadana Distinguida de Alta Verapaz&#8221; a la Licda. Isabel Cristina Lobos Medina, Representante en Alta Verapaz TulaSalud; As\u00ed mismo declarar como &#8220;Hu\u00e9sped Distinguido&#8221;, al se\u00f1or Erik Peterson, Representante legal de TulaSalud.<\/p>\n","protected":false},"author":1,"featured_media":4206,"comment_status":"closed","ping_status":"open","sticky":false,"template":"","format":"standard","meta":[],"categories":[183,199],"tags":[],"_links":{"self":[{"href":"https:\/\/gobernacionaltaverapaz.gob.gt\/index.php?rest_route=\/wp\/v2\/posts\/4260"}],"collection":[{"href":"https:\/\/gobernacionaltaverapaz.gob.gt\/index.php?rest_route=\/wp\/v2\/posts"}],"about":[{"href":"https:\/\/gobernacionaltaverapaz.gob.gt\/index.php?rest_route=\/wp\/v2\/types\/post"}],"author":[{"embeddable":true,"href":"https:\/\/gobernacionaltaverapaz.gob.gt\/index.php?rest_route=\/wp\/v2\/users\/1"}],"replies":[{"embeddable":true,"href":"https:\/\/gobernacionaltaverapaz.gob.gt\/index.php?rest_route=%2Fwp%2Fv2%2Fcomments&post=4260"}],"version-history":[{"count":1,"href":"https:\/\/gobernacionaltaverapaz.gob.gt\/index.php?rest_route=\/wp\/v2\/posts\/4260\/revisions"}],"predecessor-version":[{"id":4261,"href":"https:\/\/gobernacionaltaverapaz.gob.gt\/index.php?rest_route=\/wp\/v2\/posts\/4260\/revisions\/4261"}],"wp:featuredmedia":[{"embeddable":true,"href":"https:\/\/gobernacionaltaverapaz.gob.gt\/index.php?rest_route=\/wp\/v2\/media\/4206"}],"wp:attachment":[{"href":"https:\/\/gobernacionaltaverapaz.gob.gt\/index.php?rest_route=%2Fwp%2Fv2%2Fmedia&parent=4260"}],"wp:term":[{"taxonomy":"category","embeddable":true,"href":"https:\/\/gobernacionaltaverapaz.gob.gt\/index.php?rest_route=%2Fwp%2Fv2%2Fcategories&post=4260"},{"taxonomy":"post_tag","embeddable":true,"href":"https:\/\/gobernacionaltaverapaz.gob.gt\/index.php?rest_route=%2Fwp%2Fv2%2Ftags&post=4260"}],"curies":[{"name":"wp","href":"https:\/\/api.w.org\/{rel}","templated":true}]}}