{"id":4265,"date":"2019-02-19T13:30:24","date_gmt":"2019-02-19T19:30:24","guid":{"rendered":"http:\/\/gobernacionaltaverapaz.gob.gt\/?p=4265"},"modified":"2019-05-13T14:53:46","modified_gmt":"2019-05-13T20:53:46","slug":"reunin-ordinaria-de-unidad-tcnica-departamental","status":"publish","type":"post","link":"https:\/\/gobernacionaltaverapaz.gob.gt\/?p=4265","title":{"rendered":"REUNI\u00d3N ORDINARIA DE UNIDAD T\u00c9CNICA DEPARTAMENTAL"},"content":{"rendered":"<p style=\"text-align: justify;\">En las instalaciones del sal\u00f3n del Consejo Regional de Desarrollo -COREDUR- se realiz\u00f3 reuni\u00f3n Ordinaria de Unidad T\u00e9cnica Departamental -UTD-.<\/p>\n<p style=\"text-align: justify;\">En ello se socializ\u00f3 el punto resolutivo de CONADUR 02-2019 y su anexo: Distribuci\u00f3n y Administraci\u00f3n de los Recursos Financieros, as\u00ed como la planificaci\u00f3n, ejecuci\u00f3n y supervisi\u00f3n de los programas y proyectos, financiados con el aporte a los Consejos Departamentales de Desarrollo.<\/p>\n<p style=\"text-align: justify;\">Derogar el Reglamento Interno del CODEDE.<\/p>\n<p style=\"text-align: justify;\">Estuvieron presentes; Gobernador Departamental, Lic. Erik Guerrero; INFOM; CODRED; INE; Direcci\u00f3n \u00c1rea de Salud Alta Verapaz; Fondo de Desarrollo Ind\u00edgena Guatemalteco; MAGA; SEPREM; MARN; MEM; Director Ejecutivo del CODEDE; Sociedad Civil.<\/p>\n<div><\/div>\n","protected":false},"excerpt":{"rendered":"<p>En ello se socializ\u00f3 el punto resolutivo de CONADUR 02-2019 y su anexo: Distribuci\u00f3n y Administraci\u00f3n de los Recursos Financieros, as\u00ed como la planificaci\u00f3n, ejecuci\u00f3n y supervisi\u00f3n de los programas y proyectos, financiados con el aporte a los Consejos Departamentales de Desarrollo.<\/p>\n","protected":false},"author":1,"featured_media":4222,"comment_status":"closed","ping_status":"open","sticky":false,"template":"","format":"standard","meta":[],"categories":[191,199],"tags":[],"_links":{"self":[{"href":"https:\/\/gobernacionaltaverapaz.gob.gt\/index.php?rest_route=\/wp\/v2\/posts\/4265"}],"collection":[{"href":"https:\/\/gobernacionaltaverapaz.gob.gt\/index.php?rest_route=\/wp\/v2\/posts"}],"about":[{"href":"https:\/\/gobernacionaltaverapaz.gob.gt\/index.php?rest_route=\/wp\/v2\/types\/post"}],"author":[{"embeddable":true,"href":"https:\/\/gobernacionaltaverapaz.gob.gt\/index.php?rest_route=\/wp\/v2\/users\/1"}],"replies":[{"embeddable":true,"href":"https:\/\/gobernacionaltaverapaz.gob.gt\/index.php?rest_route=%2Fwp%2Fv2%2Fcomments&post=4265"}],"version-history":[{"count":1,"href":"https:\/\/gobernacionaltaverapaz.gob.gt\/index.php?rest_route=\/wp\/v2\/posts\/4265\/revisions"}],"predecessor-version":[{"id":4266,"href":"https:\/\/gobernacionaltaverapaz.gob.gt\/index.php?rest_route=\/wp\/v2\/posts\/4265\/revisions\/4266"}],"wp:featuredmedia":[{"embeddable":true,"href":"https:\/\/gobernacionaltaverapaz.gob.gt\/index.php?rest_route=\/wp\/v2\/media\/4222"}],"wp:attachment":[{"href":"https:\/\/gobernacionaltaverapaz.gob.gt\/index.php?rest_route=%2Fwp%2Fv2%2Fmedia&parent=4265"}],"wp:term":[{"taxonomy":"category","embeddable":true,"href":"https:\/\/gobernacionaltaverapaz.gob.gt\/index.php?rest_route=%2Fwp%2Fv2%2Fcategories&post=4265"},{"taxonomy":"post_tag","embeddable":true,"href":"https:\/\/gobernacionaltaverapaz.gob.gt\/index.php?rest_route=%2Fwp%2Fv2%2Ftags&post=4265"}],"curies":[{"name":"wp","href":"https:\/\/api.w.org\/{rel}","templated":true}]}}