{"id":4269,"date":"2019-02-12T18:29:05","date_gmt":"2019-02-13T00:29:05","guid":{"rendered":"http:\/\/gobernacionaltaverapaz.gob.gt\/?p=4269"},"modified":"2019-05-13T15:10:48","modified_gmt":"2019-05-13T21:10:48","slug":"visita-la-escuela-aldea-campur-del-municipio-de-cobn","status":"publish","type":"post","link":"https:\/\/gobernacionaltaverapaz.gob.gt\/?p=4269","title":{"rendered":"VISITA A LA ESCUELA ALDEA CAMPUR DEL MUNICIPIO DE COB\u00c1N"},"content":{"rendered":"<div class=\"k_um1_e3ht7 j_um1_e8yq4 clearfix\">\n<div class=\"clearfix t_um1_e3jjy\">\n<div class=\"clearfix _42ef\">\n<div class=\"s_um1_e3jk3\">\n<div>\n<div class=\"_6a _5u5j\">\n<div class=\"_6a _5u5j _6b\">\n<p style=\"text-align: justify;\">El se\u00f1or Gobernador Departamental, Lic. Erik Nolberto Guerrero Mili\u00e1n, realiz\u00f3 visita a la Escuela Aldea Campur.<\/p>\n<p style=\"text-align: justify;\">En dicha Escuela se visualiz\u00f3 la comodidad de los 62 ni\u00f1os que actualmente est\u00e1n inscritos; en ella laboran 2 maestros y cuentan con 4 aulas; manifestaron carecer de una cocina adecuada para la preparaci\u00f3n de refacciones.<\/p>\n<div><\/div>\n<\/div>\n<\/div>\n<\/div>\n<\/div>\n<\/div>\n<\/div>\n<\/div>\n<div id=\"js_a3j\" class=\"_5pbx userContent _3576\" data-testid=\"post_message\" data-ft=\"{&quot;tn&quot;:&quot;K&quot;}\"><\/div>\n","protected":false},"excerpt":{"rendered":"<p>En dicha Escuela se visualiz\u00f3 la comodidad de los 62 ni\u00f1os que actualmente est\u00e1n inscritos; en ella laboran 2 maestros y cuentan con 4 aulas; manifestaron carecer de una cocina adecuada para la preparaci\u00f3n de refacciones.<\/p>\n","protected":false},"author":1,"featured_media":4232,"comment_status":"closed","ping_status":"open","sticky":false,"template":"","format":"standard","meta":[],"categories":[2,199],"tags":[],"_links":{"self":[{"href":"https:\/\/gobernacionaltaverapaz.gob.gt\/index.php?rest_route=\/wp\/v2\/posts\/4269"}],"collection":[{"href":"https:\/\/gobernacionaltaverapaz.gob.gt\/index.php?rest_route=\/wp\/v2\/posts"}],"about":[{"href":"https:\/\/gobernacionaltaverapaz.gob.gt\/index.php?rest_route=\/wp\/v2\/types\/post"}],"author":[{"embeddable":true,"href":"https:\/\/gobernacionaltaverapaz.gob.gt\/index.php?rest_route=\/wp\/v2\/users\/1"}],"replies":[{"embeddable":true,"href":"https:\/\/gobernacionaltaverapaz.gob.gt\/index.php?rest_route=%2Fwp%2Fv2%2Fcomments&post=4269"}],"version-history":[{"count":1,"href":"https:\/\/gobernacionaltaverapaz.gob.gt\/index.php?rest_route=\/wp\/v2\/posts\/4269\/revisions"}],"predecessor-version":[{"id":4270,"href":"https:\/\/gobernacionaltaverapaz.gob.gt\/index.php?rest_route=\/wp\/v2\/posts\/4269\/revisions\/4270"}],"wp:featuredmedia":[{"embeddable":true,"href":"https:\/\/gobernacionaltaverapaz.gob.gt\/index.php?rest_route=\/wp\/v2\/media\/4232"}],"wp:attachment":[{"href":"https:\/\/gobernacionaltaverapaz.gob.gt\/index.php?rest_route=%2Fwp%2Fv2%2Fmedia&parent=4269"}],"wp:term":[{"taxonomy":"category","embeddable":true,"href":"https:\/\/gobernacionaltaverapaz.gob.gt\/index.php?rest_route=%2Fwp%2Fv2%2Fcategories&post=4269"},{"taxonomy":"post_tag","embeddable":true,"href":"https:\/\/gobernacionaltaverapaz.gob.gt\/index.php?rest_route=%2Fwp%2Fv2%2Ftags&post=4269"}],"curies":[{"name":"wp","href":"https:\/\/api.w.org\/{rel}","templated":true}]}}