{"id":4271,"date":"2019-02-12T13:03:09","date_gmt":"2019-02-12T19:03:09","guid":{"rendered":"http:\/\/gobernacionaltaverapaz.gob.gt\/?p=4271"},"modified":"2019-05-13T15:21:16","modified_gmt":"2019-05-13T21:21:16","slug":"reunin-de-trabajo-junto-la-comisin-presidencial-del-dilogocpd","status":"publish","type":"post","link":"https:\/\/gobernacionaltaverapaz.gob.gt\/?p=4271","title":{"rendered":"REUNI\u00d3N DE TRABAJO JUNTO A LA COMISI\u00d3N PRESIDENCIAL DEL DI\u00c1LOGO-CPD-"},"content":{"rendered":"<p style=\"text-align: justify;\">Se realiz\u00f3 reuni\u00f3n de trabajo junto a la Comisi\u00f3n Presidencial del Di\u00e1logo -CPD- para la evaluaci\u00f3n de los temas de Conflictividad en el Departamento de Alta Verapaz.<\/p>\n<p style=\"text-align: justify;\">Se obtuvo la presencia de; Dr. Otto Espa\u00f1a, Secretario Privado de la Vicepresidencia; Dr. Sergio Flores, Comisionado Presidencial del Dialogo; Lic. Erik Nolberto Guerrero Milian, Gobernador de Alta Verapaz; -CPD- de Alta Verapaz.<\/p>\n<div><\/div>\n","protected":false},"excerpt":{"rendered":"<p>Se obtuvo la presencia de; Dr. Otto Espa\u00f1a, Secretario Privado de la Vicepresidencia; Dr. Sergio Flores, Comisionado Presidencial del Dialogo; Lic. Erik Nolberto Guerrero Milian, Gobernador de Alta Verapaz; -CPD- de Alta Verapaz.<\/p>\n","protected":false},"author":1,"featured_media":4239,"comment_status":"closed","ping_status":"open","sticky":false,"template":"","format":"standard","meta":[],"categories":[191,199],"tags":[],"_links":{"self":[{"href":"https:\/\/gobernacionaltaverapaz.gob.gt\/index.php?rest_route=\/wp\/v2\/posts\/4271"}],"collection":[{"href":"https:\/\/gobernacionaltaverapaz.gob.gt\/index.php?rest_route=\/wp\/v2\/posts"}],"about":[{"href":"https:\/\/gobernacionaltaverapaz.gob.gt\/index.php?rest_route=\/wp\/v2\/types\/post"}],"author":[{"embeddable":true,"href":"https:\/\/gobernacionaltaverapaz.gob.gt\/index.php?rest_route=\/wp\/v2\/users\/1"}],"replies":[{"embeddable":true,"href":"https:\/\/gobernacionaltaverapaz.gob.gt\/index.php?rest_route=%2Fwp%2Fv2%2Fcomments&post=4271"}],"version-history":[{"count":1,"href":"https:\/\/gobernacionaltaverapaz.gob.gt\/index.php?rest_route=\/wp\/v2\/posts\/4271\/revisions"}],"predecessor-version":[{"id":4272,"href":"https:\/\/gobernacionaltaverapaz.gob.gt\/index.php?rest_route=\/wp\/v2\/posts\/4271\/revisions\/4272"}],"wp:featuredmedia":[{"embeddable":true,"href":"https:\/\/gobernacionaltaverapaz.gob.gt\/index.php?rest_route=\/wp\/v2\/media\/4239"}],"wp:attachment":[{"href":"https:\/\/gobernacionaltaverapaz.gob.gt\/index.php?rest_route=%2Fwp%2Fv2%2Fmedia&parent=4271"}],"wp:term":[{"taxonomy":"category","embeddable":true,"href":"https:\/\/gobernacionaltaverapaz.gob.gt\/index.php?rest_route=%2Fwp%2Fv2%2Fcategories&post=4271"},{"taxonomy":"post_tag","embeddable":true,"href":"https:\/\/gobernacionaltaverapaz.gob.gt\/index.php?rest_route=%2Fwp%2Fv2%2Ftags&post=4271"}],"curies":[{"name":"wp","href":"https:\/\/api.w.org\/{rel}","templated":true}]}}