{"id":4273,"date":"2019-02-11T08:42:39","date_gmt":"2019-02-11T14:42:39","guid":{"rendered":"http:\/\/gobernacionaltaverapaz.gob.gt\/?p=4273"},"modified":"2019-05-13T15:28:50","modified_gmt":"2019-05-13T21:28:50","slug":"vii-7-foro-2019-seguridad-alimentaria-nutricional-como-pilares-del-desarrollo","status":"publish","type":"post","link":"https:\/\/gobernacionaltaverapaz.gob.gt\/?p=4273","title":{"rendered":"VII &#8220;7&#8221; FORO 2019, &#8220;SEGURIDAD ALIMENTARIA Y NUTRICIONAL COMO PILARES DEL DESARROLLO&#8221;"},"content":{"rendered":"<p style=\"text-align: justify;\">En el municipio de Cob\u00e1n se realiz\u00f3 \u201cVII Foro 2019, Seguridad Alimentaria y Nutricional como Pilares del Desarrollo\u201d organizado por Asociaci\u00f3n de Gerentes de Guatemala junto al apoyo de, USAID y UVG.<\/p>\n<p style=\"text-align: justify;\">En dicho foro se tuvo la participaci\u00f3n; Carmen Salguero, Coordinadora Eje Solidario Mejoremos Guate, de Fundesa; Maira Ruano, Subsecretaria T\u00e9cnica SESAN; Maritza M\u00e9ndez de Oliva, Programa Mundial de Alimentos; Carlos Sol\u00f3rzano, Banco Mundial.<\/p>\n<div><\/div>\n","protected":false},"excerpt":{"rendered":"<p>En dicho foro se tuvo la participaci\u00f3n; Carmen Salguero, Coordinadora Eje Solidario Mejoremos Guate, de Fundesa; Maira Ruano, Subsecretaria T\u00e9cnica SESAN; Maritza M\u00e9ndez de Oliva, Programa Mundial de Alimentos; Carlos Sol\u00f3rzano, Banco Mundial.<\/p>\n","protected":false},"author":1,"featured_media":4247,"comment_status":"closed","ping_status":"open","sticky":false,"template":"","format":"standard","meta":[],"categories":[191,199],"tags":[],"_links":{"self":[{"href":"https:\/\/gobernacionaltaverapaz.gob.gt\/index.php?rest_route=\/wp\/v2\/posts\/4273"}],"collection":[{"href":"https:\/\/gobernacionaltaverapaz.gob.gt\/index.php?rest_route=\/wp\/v2\/posts"}],"about":[{"href":"https:\/\/gobernacionaltaverapaz.gob.gt\/index.php?rest_route=\/wp\/v2\/types\/post"}],"author":[{"embeddable":true,"href":"https:\/\/gobernacionaltaverapaz.gob.gt\/index.php?rest_route=\/wp\/v2\/users\/1"}],"replies":[{"embeddable":true,"href":"https:\/\/gobernacionaltaverapaz.gob.gt\/index.php?rest_route=%2Fwp%2Fv2%2Fcomments&post=4273"}],"version-history":[{"count":1,"href":"https:\/\/gobernacionaltaverapaz.gob.gt\/index.php?rest_route=\/wp\/v2\/posts\/4273\/revisions"}],"predecessor-version":[{"id":4274,"href":"https:\/\/gobernacionaltaverapaz.gob.gt\/index.php?rest_route=\/wp\/v2\/posts\/4273\/revisions\/4274"}],"wp:featuredmedia":[{"embeddable":true,"href":"https:\/\/gobernacionaltaverapaz.gob.gt\/index.php?rest_route=\/wp\/v2\/media\/4247"}],"wp:attachment":[{"href":"https:\/\/gobernacionaltaverapaz.gob.gt\/index.php?rest_route=%2Fwp%2Fv2%2Fmedia&parent=4273"}],"wp:term":[{"taxonomy":"category","embeddable":true,"href":"https:\/\/gobernacionaltaverapaz.gob.gt\/index.php?rest_route=%2Fwp%2Fv2%2Fcategories&post=4273"},{"taxonomy":"post_tag","embeddable":true,"href":"https:\/\/gobernacionaltaverapaz.gob.gt\/index.php?rest_route=%2Fwp%2Fv2%2Ftags&post=4273"}],"curies":[{"name":"wp","href":"https:\/\/api.w.org\/{rel}","templated":true}]}}