{"id":4290,"date":"2019-05-13T10:05:55","date_gmt":"2019-05-13T16:05:55","guid":{"rendered":"http:\/\/gobernacionaltaverapaz.gob.gt\/?p=4290"},"modified":"2019-06-05T12:18:29","modified_gmt":"2019-06-05T18:18:29","slug":"reunin-junto-la-mesa-departamental-de-turismo-alta-verapaz","status":"publish","type":"post","link":"https:\/\/gobernacionaltaverapaz.gob.gt\/?p=4290","title":{"rendered":"REUNI\u00d3N JUNTO A LA MESA &#8220;DEPARTAMENTAL DE TURISMO, ALTA VERAPAZ&#8221;"},"content":{"rendered":"<p style=\"text-align: justify;\">Se realiz\u00f3 Mesa &#8220;Departamental de Turismo, Alta Verapaz&#8221;, esto por parte de la oficina Subregi\u00f3n II INGUAT.<\/p>\n<p style=\"text-align: justify;\">Con el prop\u00f3sito de darle la mejor viabilidad y oportunidades al turismo en el departamento, se dio a conocer el programa IMPULSA-INGUAT y la reuni\u00f3n de la Comisi\u00f3n Regional de la OMT para las Am\u00e9ricas y el Seminario Internacional sobre Gesti\u00f3n de Destinos &#8211; nuevos retos, nuevas soluciones que tendr\u00e1n lugar en La Antigua y Ciudad de Guatemala del 15 al 17 de mayo de 2019.<\/p>\n<p style=\"text-align: justify;\">Entre los temas del departamento se dio a conocer por parte de los participantes, la integraci\u00f3n a la reuni\u00f3n de la Comisi\u00f3n Departamental de Medio Ambiente y Recursos Naturales, con el fin de lograr trabajar interinstitucionalmente en los temas ambientales ante el turismo.<\/p>\n<p>&nbsp;<\/p>\n<div><\/div>\n","protected":false},"excerpt":{"rendered":"<p>Con el prop\u00f3sito de darle la mejor viabilidad y oportunidades al turismo en el departamento.<\/p>\n","protected":false},"author":1,"featured_media":4283,"comment_status":"closed","ping_status":"open","sticky":false,"template":"","format":"gallery","meta":[],"categories":[191,199],"tags":[178],"_links":{"self":[{"href":"https:\/\/gobernacionaltaverapaz.gob.gt\/index.php?rest_route=\/wp\/v2\/posts\/4290"}],"collection":[{"href":"https:\/\/gobernacionaltaverapaz.gob.gt\/index.php?rest_route=\/wp\/v2\/posts"}],"about":[{"href":"https:\/\/gobernacionaltaverapaz.gob.gt\/index.php?rest_route=\/wp\/v2\/types\/post"}],"author":[{"embeddable":true,"href":"https:\/\/gobernacionaltaverapaz.gob.gt\/index.php?rest_route=\/wp\/v2\/users\/1"}],"replies":[{"embeddable":true,"href":"https:\/\/gobernacionaltaverapaz.gob.gt\/index.php?rest_route=%2Fwp%2Fv2%2Fcomments&post=4290"}],"version-history":[{"count":4,"href":"https:\/\/gobernacionaltaverapaz.gob.gt\/index.php?rest_route=\/wp\/v2\/posts\/4290\/revisions"}],"predecessor-version":[{"id":4294,"href":"https:\/\/gobernacionaltaverapaz.gob.gt\/index.php?rest_route=\/wp\/v2\/posts\/4290\/revisions\/4294"}],"wp:featuredmedia":[{"embeddable":true,"href":"https:\/\/gobernacionaltaverapaz.gob.gt\/index.php?rest_route=\/wp\/v2\/media\/4283"}],"wp:attachment":[{"href":"https:\/\/gobernacionaltaverapaz.gob.gt\/index.php?rest_route=%2Fwp%2Fv2%2Fmedia&parent=4290"}],"wp:term":[{"taxonomy":"category","embeddable":true,"href":"https:\/\/gobernacionaltaverapaz.gob.gt\/index.php?rest_route=%2Fwp%2Fv2%2Fcategories&post=4290"},{"taxonomy":"post_tag","embeddable":true,"href":"https:\/\/gobernacionaltaverapaz.gob.gt\/index.php?rest_route=%2Fwp%2Fv2%2Ftags&post=4290"}],"curies":[{"name":"wp","href":"https:\/\/api.w.org\/{rel}","templated":true}]}}