{"id":4295,"date":"2019-05-13T13:53:42","date_gmt":"2019-05-13T19:53:42","guid":{"rendered":"http:\/\/gobernacionaltaverapaz.gob.gt\/?p=4295"},"modified":"2019-06-05T10:05:46","modified_gmt":"2019-06-05T16:05:46","slug":"entrega-de-300-tamales-en-celebracin-del-da-de-la-madre","status":"publish","type":"post","link":"https:\/\/gobernacionaltaverapaz.gob.gt\/?p=4295","title":{"rendered":"ENTREGA DE 300 TAMALES EN CELEBRACI\u00d3N DEL D\u00cdA DE LA MADRE"},"content":{"rendered":"<p>&#8220;Entrega de 300 tamales en celebraci\u00f3n del D\u00eda de la Madre&#8221;, Gobernador Departamental, M.A. Erik Nolberto Guerrero Milian y su equipo de trabajo, organizaron actividades y entrega de tamales.<\/p>\n<p>Con el fin de convivir con las Madres que se acercaron frente al Palacio de Gobernaci\u00f3n Departamental de Alta Verapaz, y contando con la participaci\u00f3n de Amigos de la Marimba de Cob\u00e1n y del Saxofonista, Prof. Jaime Pop, de San Crist\u00f3bal Verapaz.<\/p>\n<div><\/div>\n<p>&nbsp;<\/p>\n<p><a href=\"https:\/\/www.facebook.com\/GobernacionAV\/photos\/pcb.808393842876547\/808342512881680\/?type=3&amp;theater\" target=\"_blank\" rel=\"noopener\"><img decoding=\"async\" loading=\"lazy\" class=\"alignnone wp-image-3872\" title=\"Ver galer\u00eda en Facebook\" src=\"http:\/\/gobernacionaltaverapaz.gob.gt\/wp-content\/uploads\/2019\/05\/boton-galeria_fotos-150x150-300x99.jpg\" alt=\"\" width=\"200\" height=\"66\" \/><\/a><\/p>\n<p>&nbsp;<\/p>\n<p>&nbsp;<\/p>\n","protected":false},"excerpt":{"rendered":"<p>Con el fin de convivir con las Madres que se acercaron frente al Palacio de Gobernaci\u00f3n Departamental de Alta Verapaz, y contando con la participaci\u00f3n de Amigos de la Marimba de Cob\u00e1n y del Saxofonista, Prof. Jaime Pop, de San Crist\u00f3bal Verapaz.<\/p>\n","protected":false},"author":1,"featured_media":4278,"comment_status":"closed","ping_status":"open","sticky":false,"template":"","format":"gallery","meta":[],"categories":[183,199],"tags":[178],"_links":{"self":[{"href":"https:\/\/gobernacionaltaverapaz.gob.gt\/index.php?rest_route=\/wp\/v2\/posts\/4295"}],"collection":[{"href":"https:\/\/gobernacionaltaverapaz.gob.gt\/index.php?rest_route=\/wp\/v2\/posts"}],"about":[{"href":"https:\/\/gobernacionaltaverapaz.gob.gt\/index.php?rest_route=\/wp\/v2\/types\/post"}],"author":[{"embeddable":true,"href":"https:\/\/gobernacionaltaverapaz.gob.gt\/index.php?rest_route=\/wp\/v2\/users\/1"}],"replies":[{"embeddable":true,"href":"https:\/\/gobernacionaltaverapaz.gob.gt\/index.php?rest_route=%2Fwp%2Fv2%2Fcomments&post=4295"}],"version-history":[{"count":1,"href":"https:\/\/gobernacionaltaverapaz.gob.gt\/index.php?rest_route=\/wp\/v2\/posts\/4295\/revisions"}],"predecessor-version":[{"id":4296,"href":"https:\/\/gobernacionaltaverapaz.gob.gt\/index.php?rest_route=\/wp\/v2\/posts\/4295\/revisions\/4296"}],"wp:featuredmedia":[{"embeddable":true,"href":"https:\/\/gobernacionaltaverapaz.gob.gt\/index.php?rest_route=\/wp\/v2\/media\/4278"}],"wp:attachment":[{"href":"https:\/\/gobernacionaltaverapaz.gob.gt\/index.php?rest_route=%2Fwp%2Fv2%2Fmedia&parent=4295"}],"wp:term":[{"taxonomy":"category","embeddable":true,"href":"https:\/\/gobernacionaltaverapaz.gob.gt\/index.php?rest_route=%2Fwp%2Fv2%2Fcategories&post=4295"},{"taxonomy":"post_tag","embeddable":true,"href":"https:\/\/gobernacionaltaverapaz.gob.gt\/index.php?rest_route=%2Fwp%2Fv2%2Ftags&post=4295"}],"curies":[{"name":"wp","href":"https:\/\/api.w.org\/{rel}","templated":true}]}}