{"id":4373,"date":"2019-02-05T18:33:31","date_gmt":"2019-02-06T00:33:31","guid":{"rendered":"http:\/\/gobernacionaltaverapaz.gob.gt\/?p=4373"},"modified":"2019-05-14T10:58:14","modified_gmt":"2019-05-14T16:58:14","slug":"reunin-para-abordar-el-tema-protocolo-departamental-del-el-plan-de-accin-de-prevencin-mitigacin-respuesta","status":"publish","type":"post","link":"https:\/\/gobernacionaltaverapaz.gob.gt\/?p=4373","title":{"rendered":"REUNI\u00d3N PARA ABORDAR EL TEMA &#8220;PROTOCOLO DEPARTAMENTAL DEL IF Y EL PLAN DE ACCI\u00d3N DE PREVENCI\u00d3N, MITIGACI\u00d3N Y RESPUESTA&#8221;"},"content":{"rendered":"<p style=\"text-align: justify;\">En las instalaciones de la Coordinadora Nacional para la Reducci\u00f3n de Desastre -CONRED- del municipio de Cob\u00e1n se realiz\u00f3 la reuni\u00f3n para, abordar el tema \u201cProtocolo Departamental del IF y el Plan de Acci\u00f3n de Prevenci\u00f3n, mitigaci\u00f3n y respuesta\u201d.<\/p>\n<p style=\"text-align: justify;\">En dicha mesa se coordin\u00f3 el, fortalecimiento sobre la prevenci\u00f3n de incendios forestales; Integraci\u00f3n de la brigada forestal; coordinaci\u00f3n con t\u00e9cnicos forestales municipales; Gesti\u00f3n municipal para el apoyo log\u00edstico; Monitoreo y verificaci\u00f3n; Firma de protocolo.<\/p>\n<p style=\"text-align: justify;\">Estuvieron presentes: INAB Regi\u00f3n II &#8211; Gobernaci\u00f3n Departamental &#8211; Ej\u00e9rcito 6ta. Brigada &#8211; CREOMPAZ &#8211; MARN &#8211; INAB &#8211; Defensores de la Naturales &#8211; CONAP.<\/p>\n<p>&nbsp;<\/p>\n<div><\/div>\n","protected":false},"excerpt":{"rendered":"<p>En dicha mesa se coordin\u00f3 el, fortalecimiento sobre la prevenci\u00f3n de incendios forestales; Integraci\u00f3n de la brigada forestal; coordinaci\u00f3n con t\u00e9cnicos forestales municipales; Gesti\u00f3n municipal para el apoyo log\u00edstico; Monitoreo y verificaci\u00f3n; Firma de protocolo.<\/p>\n","protected":false},"author":1,"featured_media":4313,"comment_status":"closed","ping_status":"open","sticky":false,"template":"","format":"standard","meta":[],"categories":[191,6,199],"tags":[],"_links":{"self":[{"href":"https:\/\/gobernacionaltaverapaz.gob.gt\/index.php?rest_route=\/wp\/v2\/posts\/4373"}],"collection":[{"href":"https:\/\/gobernacionaltaverapaz.gob.gt\/index.php?rest_route=\/wp\/v2\/posts"}],"about":[{"href":"https:\/\/gobernacionaltaverapaz.gob.gt\/index.php?rest_route=\/wp\/v2\/types\/post"}],"author":[{"embeddable":true,"href":"https:\/\/gobernacionaltaverapaz.gob.gt\/index.php?rest_route=\/wp\/v2\/users\/1"}],"replies":[{"embeddable":true,"href":"https:\/\/gobernacionaltaverapaz.gob.gt\/index.php?rest_route=%2Fwp%2Fv2%2Fcomments&post=4373"}],"version-history":[{"count":1,"href":"https:\/\/gobernacionaltaverapaz.gob.gt\/index.php?rest_route=\/wp\/v2\/posts\/4373\/revisions"}],"predecessor-version":[{"id":4374,"href":"https:\/\/gobernacionaltaverapaz.gob.gt\/index.php?rest_route=\/wp\/v2\/posts\/4373\/revisions\/4374"}],"wp:featuredmedia":[{"embeddable":true,"href":"https:\/\/gobernacionaltaverapaz.gob.gt\/index.php?rest_route=\/wp\/v2\/media\/4313"}],"wp:attachment":[{"href":"https:\/\/gobernacionaltaverapaz.gob.gt\/index.php?rest_route=%2Fwp%2Fv2%2Fmedia&parent=4373"}],"wp:term":[{"taxonomy":"category","embeddable":true,"href":"https:\/\/gobernacionaltaverapaz.gob.gt\/index.php?rest_route=%2Fwp%2Fv2%2Fcategories&post=4373"},{"taxonomy":"post_tag","embeddable":true,"href":"https:\/\/gobernacionaltaverapaz.gob.gt\/index.php?rest_route=%2Fwp%2Fv2%2Ftags&post=4373"}],"curies":[{"name":"wp","href":"https:\/\/api.w.org\/{rel}","templated":true}]}}