{"id":4381,"date":"2019-01-31T16:14:22","date_gmt":"2019-01-31T22:14:22","guid":{"rendered":"http:\/\/gobernacionaltaverapaz.gob.gt\/?p=4381"},"modified":"2019-05-14T11:27:09","modified_gmt":"2019-05-14T17:27:09","slug":"asamblea-foro-de-justicia-ambiental-de-las-verapaces","status":"publish","type":"post","link":"https:\/\/gobernacionaltaverapaz.gob.gt\/?p=4381","title":{"rendered":"ASAMBLEA FORO DE JUSTICIA AMBIENTAL DE LAS VERAPACES"},"content":{"rendered":"<p style=\"text-align: justify;\">En un hotel del municipio de Cob\u00e1n se realiz\u00f3 \u201cAsamblea Foro de Justicia Ambiental de las Verapaces\u201d<\/p>\n<p style=\"text-align: justify;\">En ello se desarrollaron diversos temas, como: presentaci\u00f3n, Reservas de las Minas (RBSM); Parque Nacional Lachu\u00e1; Corredor de Bosque Nuboso; Avances de la Justicia Ambiental en Izabal y Pet\u00e9n.<\/p>\n<p>&nbsp;<\/p>\n<p>&nbsp;<\/p>\n<div><\/div>\n","protected":false},"excerpt":{"rendered":"<p>En ello se desarrollaron diversos temas, como: presentaci\u00f3n, Reservas de las Minas (RBSM); Parque Nacional Lachu\u00e1; Corredor de Bosque Nuboso; Avances de la Justicia Ambiental en Izabal y Pet\u00e9n.<\/p>\n","protected":false},"author":1,"featured_media":4340,"comment_status":"closed","ping_status":"open","sticky":false,"template":"","format":"standard","meta":[],"categories":[191,6,199],"tags":[],"_links":{"self":[{"href":"https:\/\/gobernacionaltaverapaz.gob.gt\/index.php?rest_route=\/wp\/v2\/posts\/4381"}],"collection":[{"href":"https:\/\/gobernacionaltaverapaz.gob.gt\/index.php?rest_route=\/wp\/v2\/posts"}],"about":[{"href":"https:\/\/gobernacionaltaverapaz.gob.gt\/index.php?rest_route=\/wp\/v2\/types\/post"}],"author":[{"embeddable":true,"href":"https:\/\/gobernacionaltaverapaz.gob.gt\/index.php?rest_route=\/wp\/v2\/users\/1"}],"replies":[{"embeddable":true,"href":"https:\/\/gobernacionaltaverapaz.gob.gt\/index.php?rest_route=%2Fwp%2Fv2%2Fcomments&post=4381"}],"version-history":[{"count":1,"href":"https:\/\/gobernacionaltaverapaz.gob.gt\/index.php?rest_route=\/wp\/v2\/posts\/4381\/revisions"}],"predecessor-version":[{"id":4382,"href":"https:\/\/gobernacionaltaverapaz.gob.gt\/index.php?rest_route=\/wp\/v2\/posts\/4381\/revisions\/4382"}],"wp:featuredmedia":[{"embeddable":true,"href":"https:\/\/gobernacionaltaverapaz.gob.gt\/index.php?rest_route=\/wp\/v2\/media\/4340"}],"wp:attachment":[{"href":"https:\/\/gobernacionaltaverapaz.gob.gt\/index.php?rest_route=%2Fwp%2Fv2%2Fmedia&parent=4381"}],"wp:term":[{"taxonomy":"category","embeddable":true,"href":"https:\/\/gobernacionaltaverapaz.gob.gt\/index.php?rest_route=%2Fwp%2Fv2%2Fcategories&post=4381"},{"taxonomy":"post_tag","embeddable":true,"href":"https:\/\/gobernacionaltaverapaz.gob.gt\/index.php?rest_route=%2Fwp%2Fv2%2Ftags&post=4381"}],"curies":[{"name":"wp","href":"https:\/\/api.w.org\/{rel}","templated":true}]}}