{"id":4387,"date":"2019-01-25T16:01:00","date_gmt":"2019-01-25T22:01:00","guid":{"rendered":"http:\/\/gobernacionaltaverapaz.gob.gt\/?p=4387"},"modified":"2019-05-14T12:24:33","modified_gmt":"2019-05-14T18:24:33","slug":"reunin-de-trabajo-con-delegados-personal-de-comit-nacional-de-alfabetizacin-conalfa","status":"publish","type":"post","link":"https:\/\/gobernacionaltaverapaz.gob.gt\/?p=4387","title":{"rendered":"REUNI\u00d3N DE TRABAJO CON DELEGADOS Y PERSONAL DEL COMIT\u00c9 NACIONAL DE ALFABETIZACI\u00d3N -CONALFA-"},"content":{"rendered":"<div class=\"k_um1_e3ht7 j_um1_e8yq4 clearfix\">\n<div class=\"clearfix t_um1_e3jjy\">\n<div class=\"clearfix _42ef\">\n<div class=\"s_um1_e3jk3\">\n<div>\n<div class=\"_6a _5u5j\">\n<div class=\"_6a _5u5j _6b\">\n<p style=\"text-align: justify;\">El se\u00f1or Gobernador Departamental Lic. Erik Nolberto Guerrero Milian, realiz\u00f3 reuni\u00f3n de trabajo con delegados y personal del Comit\u00e9 Nacional de Alfabetizaci\u00f3n -CONALFA-.<\/p>\n<p style=\"text-align: justify;\">La reuni\u00f3n se realiz\u00f3 con el objetivo de fortalecer la coordinaci\u00f3n interinstitucional, que permita articular esfuerzos para incrementar el \u00edndice de alfabetizaci\u00f3n en el departamento de Alta Verapaz.<\/p>\n<p style=\"text-align: justify;\">Tambi\u00e9n se abordaron aspectos de fortalecimiento y apoyo para el mejoramiento de las instalaciones de alfabetizaci\u00f3n.<\/p>\n<\/div>\n<\/div>\n<\/div>\n<\/div>\n<\/div>\n<\/div>\n<\/div>\n<p>&nbsp;<\/p>\n<div><\/div>\n<div id=\"js_2k2\" class=\"_5pbx userContent _3576\" data-testid=\"post_message\" data-ft=\"{&quot;tn&quot;:&quot;K&quot;}\"><\/div>\n","protected":false},"excerpt":{"rendered":"<p>La reuni\u00f3n se realiz\u00f3 con el objetivo de fortalecer la coordinaci\u00f3n interinstitucional, que permita articular esfuerzos para incrementar el \u00edndice de alfabetizaci\u00f3n en el departamento de Alta Verapaz.<\/p>\n","protected":false},"author":1,"featured_media":4359,"comment_status":"closed","ping_status":"open","sticky":false,"template":"","format":"standard","meta":[],"categories":[191,199],"tags":[],"_links":{"self":[{"href":"https:\/\/gobernacionaltaverapaz.gob.gt\/index.php?rest_route=\/wp\/v2\/posts\/4387"}],"collection":[{"href":"https:\/\/gobernacionaltaverapaz.gob.gt\/index.php?rest_route=\/wp\/v2\/posts"}],"about":[{"href":"https:\/\/gobernacionaltaverapaz.gob.gt\/index.php?rest_route=\/wp\/v2\/types\/post"}],"author":[{"embeddable":true,"href":"https:\/\/gobernacionaltaverapaz.gob.gt\/index.php?rest_route=\/wp\/v2\/users\/1"}],"replies":[{"embeddable":true,"href":"https:\/\/gobernacionaltaverapaz.gob.gt\/index.php?rest_route=%2Fwp%2Fv2%2Fcomments&post=4387"}],"version-history":[{"count":2,"href":"https:\/\/gobernacionaltaverapaz.gob.gt\/index.php?rest_route=\/wp\/v2\/posts\/4387\/revisions"}],"predecessor-version":[{"id":4389,"href":"https:\/\/gobernacionaltaverapaz.gob.gt\/index.php?rest_route=\/wp\/v2\/posts\/4387\/revisions\/4389"}],"wp:featuredmedia":[{"embeddable":true,"href":"https:\/\/gobernacionaltaverapaz.gob.gt\/index.php?rest_route=\/wp\/v2\/media\/4359"}],"wp:attachment":[{"href":"https:\/\/gobernacionaltaverapaz.gob.gt\/index.php?rest_route=%2Fwp%2Fv2%2Fmedia&parent=4387"}],"wp:term":[{"taxonomy":"category","embeddable":true,"href":"https:\/\/gobernacionaltaverapaz.gob.gt\/index.php?rest_route=%2Fwp%2Fv2%2Fcategories&post=4387"},{"taxonomy":"post_tag","embeddable":true,"href":"https:\/\/gobernacionaltaverapaz.gob.gt\/index.php?rest_route=%2Fwp%2Fv2%2Ftags&post=4387"}],"curies":[{"name":"wp","href":"https:\/\/api.w.org\/{rel}","templated":true}]}}