{"id":4390,"date":"2019-05-14T09:14:14","date_gmt":"2019-05-14T15:14:14","guid":{"rendered":"http:\/\/gobernacionaltaverapaz.gob.gt\/?p=4390"},"modified":"2019-05-14T14:42:25","modified_gmt":"2019-05-14T20:42:25","slug":"activacin-del-plan-nacional-de-prevencin-de-embarazos-en-adolescentes-planea-en-el-municipio-de-chisec","status":"publish","type":"post","link":"https:\/\/gobernacionaltaverapaz.gob.gt\/?p=4390","title":{"rendered":"ACTIVACI\u00d3N DEL PLAN NACIONAL DE PREVENCI\u00d3N DE EMBARAZOS EN ADOLESCENTES -PLANEA- EN EL MUNICIPIO DE CHISEC"},"content":{"rendered":"<div id=\"fb-root\"><\/div><script>(function(d, s, id) {  var js, fjs = d.getElementsByTagName(s)[0];  if (d.getElementById(id)) return;  js = d.createElement(s); js.id = id;  js.src = \"\/\/connect.facebook.net\/en_US\/sdk.js#xfbml=1&version=v2.3\";  fjs.parentNode.insertBefore(js, fjs);}(document, 'script', 'facebook-jssdk'));<\/script><div class=\"fb-video\" data-allowfullscreen=\"true\" data-href=\"\/\/www.facebook.com\/video.php?v=2243374905710508\" data-width=\"900\"><\/div>\n<p>&nbsp;<\/p>\n<p style=\"text-align: justify;\">Activaci\u00f3n del Plan Nacional de Prevenci\u00f3n de Embarazos en Adolescentes -PLANEA-, en el que participaron entidades del estado y sociedad civil.<\/p>\n<p style=\"text-align: justify;\">Ante esta problem\u00e1tica en el municipio, alumnos de diferentes centros educativos, bandas escolares, instituciones de Gobierno y COCODES, desfilaron con carteles los que transmitieron a la poblaci\u00f3n en general responsabilidad y enfoques de derechos humanos, como una respuesta integral, multisectorial y de participaci\u00f3n social.<\/p>\n<p style=\"text-align: justify;\">Gobernador Departamental, M.A. Erik Nolberto Guerrero Milian, expres\u00f3; agradecimiento a las diferentes instituciones que se suman a este trabajo que se comienza, con el \u00fanico objetivo, restar a los embarazos a temprana edad, con esto juramento a; Salud, MINEDUC, COCODES y Mesa T\u00e9cnica Municipal PLANEA.<\/p>\n<div><\/div>\n<p>&nbsp;<\/p>\n<p><a href=\"https:\/\/www.facebook.com\/GobernacionAV\/photos\/pcb.809197652796166\/809167069465891\/?type=3&amp;theater\" target=\"_blank\" rel=\"noopener\"><img decoding=\"async\" loading=\"lazy\" class=\"alignnone wp-image-3872\" title=\"Ver galer\u00eda en Facebook\" src=\"http:\/\/gobernacionaltaverapaz.gob.gt\/wp-content\/uploads\/2019\/05\/boton-galeria_fotos-150x150-300x99.jpg\" alt=\"\" width=\"200\" height=\"66\" \/><\/a><\/p>\n","protected":false},"excerpt":{"rendered":"<p>Con el objetivo de restar a los embarazos a temprana edad.<\/p>\n","protected":false},"author":1,"featured_media":4391,"comment_status":"closed","ping_status":"open","sticky":false,"template":"","format":"video","meta":[],"categories":[183,199],"tags":[178],"_links":{"self":[{"href":"https:\/\/gobernacionaltaverapaz.gob.gt\/index.php?rest_route=\/wp\/v2\/posts\/4390"}],"collection":[{"href":"https:\/\/gobernacionaltaverapaz.gob.gt\/index.php?rest_route=\/wp\/v2\/posts"}],"about":[{"href":"https:\/\/gobernacionaltaverapaz.gob.gt\/index.php?rest_route=\/wp\/v2\/types\/post"}],"author":[{"embeddable":true,"href":"https:\/\/gobernacionaltaverapaz.gob.gt\/index.php?rest_route=\/wp\/v2\/users\/1"}],"replies":[{"embeddable":true,"href":"https:\/\/gobernacionaltaverapaz.gob.gt\/index.php?rest_route=%2Fwp%2Fv2%2Fcomments&post=4390"}],"version-history":[{"count":4,"href":"https:\/\/gobernacionaltaverapaz.gob.gt\/index.php?rest_route=\/wp\/v2\/posts\/4390\/revisions"}],"predecessor-version":[{"id":4406,"href":"https:\/\/gobernacionaltaverapaz.gob.gt\/index.php?rest_route=\/wp\/v2\/posts\/4390\/revisions\/4406"}],"wp:featuredmedia":[{"embeddable":true,"href":"https:\/\/gobernacionaltaverapaz.gob.gt\/index.php?rest_route=\/wp\/v2\/media\/4391"}],"wp:attachment":[{"href":"https:\/\/gobernacionaltaverapaz.gob.gt\/index.php?rest_route=%2Fwp%2Fv2%2Fmedia&parent=4390"}],"wp:term":[{"taxonomy":"category","embeddable":true,"href":"https:\/\/gobernacionaltaverapaz.gob.gt\/index.php?rest_route=%2Fwp%2Fv2%2Fcategories&post=4390"},{"taxonomy":"post_tag","embeddable":true,"href":"https:\/\/gobernacionaltaverapaz.gob.gt\/index.php?rest_route=%2Fwp%2Fv2%2Ftags&post=4390"}],"curies":[{"name":"wp","href":"https:\/\/api.w.org\/{rel}","templated":true}]}}