{"id":4398,"date":"2019-01-24T08:30:18","date_gmt":"2019-01-24T14:30:18","guid":{"rendered":"http:\/\/gobernacionaltaverapaz.gob.gt\/?p=4398"},"modified":"2019-05-14T14:48:07","modified_gmt":"2019-05-14T20:48:07","slug":"inauguracin-del-centro-de-formacin-laboral-para-personas-con-discapacidad","status":"publish","type":"post","link":"https:\/\/gobernacionaltaverapaz.gob.gt\/?p=4398","title":{"rendered":"INAUGURACI\u00d3N DEL CENTRO DE FORMACI\u00d3N LABORAL PARA PERSONAS CON DISCAPACIDAD"},"content":{"rendered":"<div id=\"fb-root\"><\/div><script>(function(d, s, id) {  var js, fjs = d.getElementsByTagName(s)[0];  if (d.getElementById(id)) return;  js = d.createElement(s); js.id = id;  js.src = \"\/\/connect.facebook.net\/en_US\/sdk.js#xfbml=1&version=v2.3\";  fjs.parentNode.insertBefore(js, fjs);}(document, 'script', 'facebook-jssdk'));<\/script><div class=\"fb-video\" data-allowfullscreen=\"true\" data-href=\"\/\/www.facebook.com\/video.php?v=239908430253945\" data-width=\"900\"><\/div>\n<p>&nbsp;<\/p>\n<p>En las instalaciones de -EDECRI- se realiz\u00f3 la inauguraci\u00f3n del \u201cCentro de Formaci\u00f3n Laboral para Personas con Discapacidad\u201d<\/p>\n<p>Esto para fortalecer el campo laboral de personas con discapacidades diferentes en Alta Verapaz y Departamentos cercanos.<\/p>\n<p>Se contar\u00e1 con los diferentes talleres de Formaci\u00f3n Laboral; PANADERIA; TECNOLOG\u00cdA; CARPINTER\u00cdA; SOCIOLABORAL.<\/p>\n<p style=\"text-align: justify;\">\n","protected":false},"excerpt":{"rendered":"<p>Esto para fortalecer el campo laboral de personas con discapacidades diferentes en Alta Verapaz y Departamentos cercanos.<\/p>\n","protected":false},"author":1,"featured_media":4399,"comment_status":"closed","ping_status":"open","sticky":false,"template":"","format":"video","meta":[],"categories":[183,199],"tags":[],"_links":{"self":[{"href":"https:\/\/gobernacionaltaverapaz.gob.gt\/index.php?rest_route=\/wp\/v2\/posts\/4398"}],"collection":[{"href":"https:\/\/gobernacionaltaverapaz.gob.gt\/index.php?rest_route=\/wp\/v2\/posts"}],"about":[{"href":"https:\/\/gobernacionaltaverapaz.gob.gt\/index.php?rest_route=\/wp\/v2\/types\/post"}],"author":[{"embeddable":true,"href":"https:\/\/gobernacionaltaverapaz.gob.gt\/index.php?rest_route=\/wp\/v2\/users\/1"}],"replies":[{"embeddable":true,"href":"https:\/\/gobernacionaltaverapaz.gob.gt\/index.php?rest_route=%2Fwp%2Fv2%2Fcomments&post=4398"}],"version-history":[{"count":5,"href":"https:\/\/gobernacionaltaverapaz.gob.gt\/index.php?rest_route=\/wp\/v2\/posts\/4398\/revisions"}],"predecessor-version":[{"id":4404,"href":"https:\/\/gobernacionaltaverapaz.gob.gt\/index.php?rest_route=\/wp\/v2\/posts\/4398\/revisions\/4404"}],"wp:featuredmedia":[{"embeddable":true,"href":"https:\/\/gobernacionaltaverapaz.gob.gt\/index.php?rest_route=\/wp\/v2\/media\/4399"}],"wp:attachment":[{"href":"https:\/\/gobernacionaltaverapaz.gob.gt\/index.php?rest_route=%2Fwp%2Fv2%2Fmedia&parent=4398"}],"wp:term":[{"taxonomy":"category","embeddable":true,"href":"https:\/\/gobernacionaltaverapaz.gob.gt\/index.php?rest_route=%2Fwp%2Fv2%2Fcategories&post=4398"},{"taxonomy":"post_tag","embeddable":true,"href":"https:\/\/gobernacionaltaverapaz.gob.gt\/index.php?rest_route=%2Fwp%2Fv2%2Ftags&post=4398"}],"curies":[{"name":"wp","href":"https:\/\/api.w.org\/{rel}","templated":true}]}}