{"id":4504,"date":"2019-01-09T16:37:53","date_gmt":"2019-01-09T22:37:53","guid":{"rendered":"http:\/\/gobernacionaltaverapaz.gob.gt\/?p=4504"},"modified":"2019-05-15T12:16:16","modified_gmt":"2019-05-15T18:16:16","slug":"inauguracin-de-establecimiento-educativo-ineb-telesecunadaria-las-arrugas-en-el-municipio-de-san-cristbal-verapaz","status":"publish","type":"post","link":"https:\/\/gobernacionaltaverapaz.gob.gt\/?p=4504","title":{"rendered":"INAUGURACI\u00d3N DE ESTABLECIMIENTO EDUCATIVO INEB TELESECUNADARIA LAS ARRUGAS EN EL MUNICIPIO DE SAN CRIST\u00d3BAL VERAPAZ"},"content":{"rendered":"<p style=\"text-align: justify;\">Inauguraci\u00f3n establecimiento educativo INEB TELESECUNDARIA LAS ARRUGAS, la cual beneficiar\u00e1 a 1,244 familias del municipio de San Crist\u00f3bal Verapaz.<\/p>\n<p style=\"text-align: justify;\">Este proyecto se concluye con un financiamiento del 20% del consejo de desarrollo y el 80% aporte municipal.<\/p>\n<p style=\"text-align: justify;\">En ello particip\u00f3 el se\u00f1or Gobernador Departamental, Lic. Erik Nolberto Guerrero Milian, alumnos, catedr\u00e1ticos y corporaci\u00f3n municipal de este municipio.<\/p>\n<div><\/div>\n<p>&nbsp;<\/p>\n<p><a href=\"https:\/\/www.facebook.com\/GobernacionAV\/photos\/pcb.738075569908375\/738075136575085\/?type=3&amp;theater\" target=\"_blank\" rel=\"noopener\"><img decoding=\"async\" loading=\"lazy\" class=\"alignnone wp-image-3872\" title=\"Ver galer\u00eda en Facebook\" src=\"http:\/\/gobernacionaltaverapaz.gob.gt\/wp-content\/uploads\/2019\/05\/boton-galeria_fotos-150x150-300x99.jpg\" alt=\"\" width=\"200\" height=\"66\" \/><\/a><\/p>\n","protected":false},"excerpt":{"rendered":"<p>Dicho establecimiento beneficiar\u00e1 a 1,244 familias del municipio de San Crist\u00f3bal Verapaz.<\/p>\n","protected":false},"author":1,"featured_media":4435,"comment_status":"closed","ping_status":"open","sticky":false,"template":"","format":"gallery","meta":[],"categories":[2,195,199],"tags":[],"_links":{"self":[{"href":"https:\/\/gobernacionaltaverapaz.gob.gt\/index.php?rest_route=\/wp\/v2\/posts\/4504"}],"collection":[{"href":"https:\/\/gobernacionaltaverapaz.gob.gt\/index.php?rest_route=\/wp\/v2\/posts"}],"about":[{"href":"https:\/\/gobernacionaltaverapaz.gob.gt\/index.php?rest_route=\/wp\/v2\/types\/post"}],"author":[{"embeddable":true,"href":"https:\/\/gobernacionaltaverapaz.gob.gt\/index.php?rest_route=\/wp\/v2\/users\/1"}],"replies":[{"embeddable":true,"href":"https:\/\/gobernacionaltaverapaz.gob.gt\/index.php?rest_route=%2Fwp%2Fv2%2Fcomments&post=4504"}],"version-history":[{"count":1,"href":"https:\/\/gobernacionaltaverapaz.gob.gt\/index.php?rest_route=\/wp\/v2\/posts\/4504\/revisions"}],"predecessor-version":[{"id":4505,"href":"https:\/\/gobernacionaltaverapaz.gob.gt\/index.php?rest_route=\/wp\/v2\/posts\/4504\/revisions\/4505"}],"wp:featuredmedia":[{"embeddable":true,"href":"https:\/\/gobernacionaltaverapaz.gob.gt\/index.php?rest_route=\/wp\/v2\/media\/4435"}],"wp:attachment":[{"href":"https:\/\/gobernacionaltaverapaz.gob.gt\/index.php?rest_route=%2Fwp%2Fv2%2Fmedia&parent=4504"}],"wp:term":[{"taxonomy":"category","embeddable":true,"href":"https:\/\/gobernacionaltaverapaz.gob.gt\/index.php?rest_route=%2Fwp%2Fv2%2Fcategories&post=4504"},{"taxonomy":"post_tag","embeddable":true,"href":"https:\/\/gobernacionaltaverapaz.gob.gt\/index.php?rest_route=%2Fwp%2Fv2%2Ftags&post=4504"}],"curies":[{"name":"wp","href":"https:\/\/api.w.org\/{rel}","templated":true}]}}