{"id":4506,"date":"2019-01-07T18:36:19","date_gmt":"2019-01-08T00:36:19","guid":{"rendered":"http:\/\/gobernacionaltaverapaz.gob.gt\/?p=4506"},"modified":"2019-05-15T12:09:53","modified_gmt":"2019-05-15T18:09:53","slug":"asamblea-para-atender-el-tema-del-uso-se-le-dar-al-rea-verde-la-laguna","status":"publish","type":"post","link":"https:\/\/gobernacionaltaverapaz.gob.gt\/?p=4506","title":{"rendered":"ASAMBLEA PARA ATENDER EL TEMA DEL USO QUE SE LE DAR\u00c1 AL \u00c1REA VERDE &#8220;LA LAGUNA&#8221;"},"content":{"rendered":"<p style=\"text-align: justify;\">Se llev\u00f3 a cabo asamblea, en Colonia Chivencorral, Zona 12 del municipio de Cob\u00e1n, para atender el tema del uso que se le dar\u00e1 al \u00e1rea verde denominada la \u201cLA LAGUNA\u201d por los vecinos de este sector.<\/p>\n<p style=\"text-align: justify;\">En la presencia del se\u00f1or Gobernador Departamental, Lic. Erik Nolberto Guerrero Milian, as\u00ed como; PNC; MEDIO AMBIENTE; INAB; INAP.<\/p>\n<p>&nbsp;<\/p>\n<div><\/div>\n","protected":false},"excerpt":{"rendered":"<p>En la presencia del se\u00f1or Gobernador Departamental, Lic. Erik Nolberto Guerrero Milian, as\u00ed como; PNC; MEDIO AMBIENTE; INAB; INAP.<\/p>\n","protected":false},"author":1,"featured_media":4440,"comment_status":"closed","ping_status":"open","sticky":false,"template":"","format":"gallery","meta":[],"categories":[6,199],"tags":[],"_links":{"self":[{"href":"https:\/\/gobernacionaltaverapaz.gob.gt\/index.php?rest_route=\/wp\/v2\/posts\/4506"}],"collection":[{"href":"https:\/\/gobernacionaltaverapaz.gob.gt\/index.php?rest_route=\/wp\/v2\/posts"}],"about":[{"href":"https:\/\/gobernacionaltaverapaz.gob.gt\/index.php?rest_route=\/wp\/v2\/types\/post"}],"author":[{"embeddable":true,"href":"https:\/\/gobernacionaltaverapaz.gob.gt\/index.php?rest_route=\/wp\/v2\/users\/1"}],"replies":[{"embeddable":true,"href":"https:\/\/gobernacionaltaverapaz.gob.gt\/index.php?rest_route=%2Fwp%2Fv2%2Fcomments&post=4506"}],"version-history":[{"count":1,"href":"https:\/\/gobernacionaltaverapaz.gob.gt\/index.php?rest_route=\/wp\/v2\/posts\/4506\/revisions"}],"predecessor-version":[{"id":4507,"href":"https:\/\/gobernacionaltaverapaz.gob.gt\/index.php?rest_route=\/wp\/v2\/posts\/4506\/revisions\/4507"}],"wp:featuredmedia":[{"embeddable":true,"href":"https:\/\/gobernacionaltaverapaz.gob.gt\/index.php?rest_route=\/wp\/v2\/media\/4440"}],"wp:attachment":[{"href":"https:\/\/gobernacionaltaverapaz.gob.gt\/index.php?rest_route=%2Fwp%2Fv2%2Fmedia&parent=4506"}],"wp:term":[{"taxonomy":"category","embeddable":true,"href":"https:\/\/gobernacionaltaverapaz.gob.gt\/index.php?rest_route=%2Fwp%2Fv2%2Fcategories&post=4506"},{"taxonomy":"post_tag","embeddable":true,"href":"https:\/\/gobernacionaltaverapaz.gob.gt\/index.php?rest_route=%2Fwp%2Fv2%2Ftags&post=4506"}],"curies":[{"name":"wp","href":"https:\/\/api.w.org\/{rel}","templated":true}]}}