{"id":4525,"date":"2018-12-26T09:45:47","date_gmt":"2018-12-26T15:45:47","guid":{"rendered":"http:\/\/gobernacionaltaverapaz.gob.gt\/?p=4525"},"modified":"2019-05-16T09:53:44","modified_gmt":"2019-05-16T15:53:44","slug":"entrega-de-10-autopatrullas","status":"publish","type":"post","link":"https:\/\/gobernacionaltaverapaz.gob.gt\/?p=4525","title":{"rendered":"ENTREGA DE 10 AUTOPATRULLAS"},"content":{"rendered":"<p style=\"text-align: justify;\">El se\u00f1or Gobernador Departamental Lic. Erik Nolberto Guerrero Milian, en coordinaci\u00f3n de la Polic\u00eda Nacional Civil, se\u00f1or Comisario, Soto de Le\u00f3n, se entregaron las llaves de las 10 AUTOPATRULLAS que fueron asignadas a este departamento para el resguardo y la plena estabilidad en la seguridad de los habitantes de este departamento.<\/p>\n<p>La asignaci\u00f3n fue de la siguiente manera;<br \/>\n&gt; 5 Cabecera Departamental.<br \/>\n&gt; 1 Salacuin.<br \/>\n&gt; 1 Chahal.<br \/>\n&gt; 1 Chamelco.<br \/>\n&gt; 1 Senah\u00fa.<br \/>\n&gt; 1 Tamah\u00fa.<\/p>\n<p>&nbsp;<\/p>\n<div><\/div>\n","protected":false},"excerpt":{"rendered":"<p>La asignaci\u00f3n fue de la siguiente manera: 5 Cabecera Departamental, 1 Salacuin, 1 Chahal ,1 Chamelco, 1 Senah\u00fa, 1 Tamah\u00fa.<\/p>\n","protected":false},"author":1,"featured_media":4456,"comment_status":"closed","ping_status":"open","sticky":false,"template":"","format":"gallery","meta":[],"categories":[199,197],"tags":[],"_links":{"self":[{"href":"https:\/\/gobernacionaltaverapaz.gob.gt\/index.php?rest_route=\/wp\/v2\/posts\/4525"}],"collection":[{"href":"https:\/\/gobernacionaltaverapaz.gob.gt\/index.php?rest_route=\/wp\/v2\/posts"}],"about":[{"href":"https:\/\/gobernacionaltaverapaz.gob.gt\/index.php?rest_route=\/wp\/v2\/types\/post"}],"author":[{"embeddable":true,"href":"https:\/\/gobernacionaltaverapaz.gob.gt\/index.php?rest_route=\/wp\/v2\/users\/1"}],"replies":[{"embeddable":true,"href":"https:\/\/gobernacionaltaverapaz.gob.gt\/index.php?rest_route=%2Fwp%2Fv2%2Fcomments&post=4525"}],"version-history":[{"count":1,"href":"https:\/\/gobernacionaltaverapaz.gob.gt\/index.php?rest_route=\/wp\/v2\/posts\/4525\/revisions"}],"predecessor-version":[{"id":4526,"href":"https:\/\/gobernacionaltaverapaz.gob.gt\/index.php?rest_route=\/wp\/v2\/posts\/4525\/revisions\/4526"}],"wp:featuredmedia":[{"embeddable":true,"href":"https:\/\/gobernacionaltaverapaz.gob.gt\/index.php?rest_route=\/wp\/v2\/media\/4456"}],"wp:attachment":[{"href":"https:\/\/gobernacionaltaverapaz.gob.gt\/index.php?rest_route=%2Fwp%2Fv2%2Fmedia&parent=4525"}],"wp:term":[{"taxonomy":"category","embeddable":true,"href":"https:\/\/gobernacionaltaverapaz.gob.gt\/index.php?rest_route=%2Fwp%2Fv2%2Fcategories&post=4525"},{"taxonomy":"post_tag","embeddable":true,"href":"https:\/\/gobernacionaltaverapaz.gob.gt\/index.php?rest_route=%2Fwp%2Fv2%2Ftags&post=4525"}],"curies":[{"name":"wp","href":"https:\/\/api.w.org\/{rel}","templated":true}]}}