{"id":4531,"date":"2018-12-19T17:12:38","date_gmt":"2018-12-19T23:12:38","guid":{"rendered":"http:\/\/gobernacionaltaverapaz.gob.gt\/?p=4531"},"modified":"2019-05-16T10:16:13","modified_gmt":"2019-05-16T16:16:13","slug":"primer-encuentro-de-emprendimiento-juvenil-con-enfoque-cultural","status":"publish","type":"post","link":"https:\/\/gobernacionaltaverapaz.gob.gt\/?p=4531","title":{"rendered":"PRIMER ENCUENTRO DE EMPRENDIMIENTO JUVENIL CON ENFOQUE CULTURAL"},"content":{"rendered":"<p style=\"text-align: justify;\">En est\u00e1 cabecera departamental se celebr\u00f3 \u201cPrimer encuentro de Emprendimiento Juvenil con enfoque Cultural\u201d donde varios j\u00f3venes colocaron ventas en el parque central La Paz, tanto gastron\u00f3mico como artesan\u00eda de la regi\u00f3n.<\/p>\n<p style=\"text-align: justify;\">En el acto inaugural se present\u00f3 el se\u00f1or Gobernador Departamental, Lic. Erik Nolberto Guerrero Milian.<\/p>\n<p style=\"text-align: justify;\">La actividad fue impulsada por: CONJUVE; Turismo Verapaz; Ministerio de Cultura; Ministerio de Trabajo; Organizaciones no gubernamentales; Sociedad Civil.<\/p>\n<p>&nbsp;<\/p>\n<div><\/div>\n","protected":false},"excerpt":{"rendered":"<p>La actividad fue impulsada por: CONJUVE; Turismo Verapaz; Ministerio de Cultura; Ministerio de Trabajo; Organizaciones no gubernamentales; Sociedad Civil.<\/p>\n","protected":false},"author":1,"featured_media":4476,"comment_status":"closed","ping_status":"open","sticky":false,"template":"","format":"gallery","meta":[],"categories":[183,2,199,194],"tags":[],"_links":{"self":[{"href":"https:\/\/gobernacionaltaverapaz.gob.gt\/index.php?rest_route=\/wp\/v2\/posts\/4531"}],"collection":[{"href":"https:\/\/gobernacionaltaverapaz.gob.gt\/index.php?rest_route=\/wp\/v2\/posts"}],"about":[{"href":"https:\/\/gobernacionaltaverapaz.gob.gt\/index.php?rest_route=\/wp\/v2\/types\/post"}],"author":[{"embeddable":true,"href":"https:\/\/gobernacionaltaverapaz.gob.gt\/index.php?rest_route=\/wp\/v2\/users\/1"}],"replies":[{"embeddable":true,"href":"https:\/\/gobernacionaltaverapaz.gob.gt\/index.php?rest_route=%2Fwp%2Fv2%2Fcomments&post=4531"}],"version-history":[{"count":1,"href":"https:\/\/gobernacionaltaverapaz.gob.gt\/index.php?rest_route=\/wp\/v2\/posts\/4531\/revisions"}],"predecessor-version":[{"id":4532,"href":"https:\/\/gobernacionaltaverapaz.gob.gt\/index.php?rest_route=\/wp\/v2\/posts\/4531\/revisions\/4532"}],"wp:featuredmedia":[{"embeddable":true,"href":"https:\/\/gobernacionaltaverapaz.gob.gt\/index.php?rest_route=\/wp\/v2\/media\/4476"}],"wp:attachment":[{"href":"https:\/\/gobernacionaltaverapaz.gob.gt\/index.php?rest_route=%2Fwp%2Fv2%2Fmedia&parent=4531"}],"wp:term":[{"taxonomy":"category","embeddable":true,"href":"https:\/\/gobernacionaltaverapaz.gob.gt\/index.php?rest_route=%2Fwp%2Fv2%2Fcategories&post=4531"},{"taxonomy":"post_tag","embeddable":true,"href":"https:\/\/gobernacionaltaverapaz.gob.gt\/index.php?rest_route=%2Fwp%2Fv2%2Ftags&post=4531"}],"curies":[{"name":"wp","href":"https:\/\/api.w.org\/{rel}","templated":true}]}}